{"id":403517,"date":"2024-06-03T10:48:14","date_gmt":"2024-06-03T08:48:14","guid":{"rendered":"https:\/\/www.pcnen.com\/portal\/?p=403517"},"modified":"2024-06-03T10:49:11","modified_gmt":"2024-06-03T08:49:11","slug":"markovic-osniva-stranku-dao-ostavku-u-dps","status":"publish","type":"post","link":"https:\/\/www.pcnen.com\/portal\/2024\/06\/03\/markovic-osniva-stranku-dao-ostavku-u-dps\/","title":{"rendered":"Markovi\u0107 osniva stranku, dao ostavku u DPS"},"content":{"rendered":"<p>Biv\u0161i crnogorski premijer Du\u0161ko Markovi\u0107 objelodani\u0107e u narednih petnaestak dana program i osniva\u010de dugo najavljivane politi\u010dke stranke, na \u010dijem \u0107e \u010delu biti,<a href=\"https:\/\/www.vijesti.me\/vijesti\/politika\/709895\/markovic-uskoro-osniva-stranku-dao-ostavku-u-dps-u\"> saznaju Vijesti.<\/a><\/p>\n<p>Markovi\u0107 je nedavno podnio ostavku na \u010dlanstvo u Demokratskoj partiji socijalista (DPS), u kojoj je do prije tri i po godine bio zamjenik predsjednika i u \u010dije je ime do pro\u0161le godine obavljao visoke dr\u017eavne funkcije.<\/p>\n<p>\u201cFinalizovan je Inicijativni odbor stranke, koji broji oko 50 \u010dlanova, i u njemu ima doktora nauka, profesora, ljekara, in\u017eenjera, uglednih pravnika, ekonomista. Jedina za \u0161iru politi\u010dku javnost poznata imena u novoj stranci su Du\u0161ko Markovi\u0107 i Sanja Damjanovi\u0107\u201d, rekao je izvor Vijesti iz Inicijativnog odbora.<\/p>\n<p>\u201cOdbor \u010dine ljudi koji se nijesu bavili politikom ili u \u0161iroj javnosti nisu prepoznati kao strana\u010dki ljudi. Rije\u010d je o osobama ostvarenim u svojim profesijama koje \u017eele da daju doprinos oporavku politi\u010dkog i javnog prostora, stabilnosti i sveukupnom napretku zemlje\u201d, rekao je sagovornik lista.<\/p>\n<p>Markovi\u0107 je pro\u0161log novembra u intervjuu Gradskoj televiziji rekao da \u201crazmi\u0161lja o formiranju partije\u201d.<\/p>\n<p>\u201cNijesam o tome donio odluku, ali razmi\u0161ljam. Ne samo o tome da ja formiram stranku, nego \u0161ta sve treba uraditi u evropskom i gra\u0111anskom bloku da bi se konsolidovali i da bi Crna Gora iza\u0161la iz ovog permanentog rizika ponora koji je otvoren pred njenom budu\u0107no\u0161\u0107u\u201d, kazao je tada Markovi\u0107.<\/p>\n","protected":false},"excerpt":{"rendered":"<p>Biv\u0161i crnogorski premijer Du\u0161ko Markovi\u0107 objelodani\u0107e u narednih petnaestak dana program i osniva\u010de dugo najavljivane politi\u010dke stranke, na \u010dijem \u0107e \u010delu biti, saznaju Vijesti.<\/p>\n","protected":false},"author":1,"featured_media":280725,"comment_status":"open","ping_status":"closed","sticky":false,"template":"","format":"standard","meta":{"_seopress_robots_primary_cat":"none","_seopress_titles_title":"","_seopress_titles_desc":"","_seopress_robots_index":"","_et_pb_use_builder":"","_et_pb_old_content":"","_et_gb_content_width":"","inline_featured_image":false,"footnotes":""},"categories":[14],"tags":[],"class_list":["post-403517","post","type-post","status-publish","format-standard","has-post-thumbnail","hentry","category-vijesti"],"_links":{"self":[{"href":"https:\/\/www.pcnen.com\/portal\/wp-json\/wp\/v2\/posts\/403517","targetHints":{"allow":["GET"]}}],"collection":[{"href":"https:\/\/www.pcnen.com\/portal\/wp-json\/wp\/v2\/posts"}],"about":[{"href":"https:\/\/www.pcnen.com\/portal\/wp-json\/wp\/v2\/types\/post"}],"author":[{"embeddable":true,"href":"https:\/\/www.pcnen.com\/portal\/wp-json\/wp\/v2\/users\/1"}],"replies":[{"embeddable":true,"href":"https:\/\/www.pcnen.com\/portal\/wp-json\/wp\/v2\/comments?post=403517"}],"version-history":[{"count":2,"href":"https:\/\/www.pcnen.com\/portal\/wp-json\/wp\/v2\/posts\/403517\/revisions"}],"predecessor-version":[{"id":403521,"href":"https:\/\/www.pcnen.com\/portal\/wp-json\/wp\/v2\/posts\/403517\/revisions\/403521"}],"wp:featuredmedia":[{"embeddable":true,"href":"https:\/\/www.pcnen.com\/portal\/wp-json\/wp\/v2\/media\/280725"}],"wp:attachment":[{"href":"https:\/\/www.pcnen.com\/portal\/wp-json\/wp\/v2\/media?parent=403517"}],"wp:term":[{"taxonomy":"category","embeddable":true,"href":"https:\/\/www.pcnen.com\/portal\/wp-json\/wp\/v2\/categories?post=403517"},{"taxonomy":"post_tag","embeddable":true,"href":"https:\/\/www.pcnen.com\/portal\/wp-json\/wp\/v2\/tags?post=403517"}],"curies":[{"name":"wp","href":"https:\/\/api.w.org\/{rel}","templated":true}]}}