{"id":403339,"date":"2024-06-01T07:11:31","date_gmt":"2024-06-01T05:11:31","guid":{"rendered":"https:\/\/www.pcnen.com\/portal\/?p=403339"},"modified":"2024-06-01T07:11:31","modified_gmt":"2024-06-01T05:11:31","slug":"izraelski-plan-koji-ukljucuje-trajni-prekid-neprijateljstava","status":"publish","type":"post","link":"https:\/\/www.pcnen.com\/portal\/2024\/06\/01\/izraelski-plan-koji-ukljucuje-trajni-prekid-neprijateljstava\/","title":{"rendered":"Izraelski plan koji uklju\u010duje &#8216;trajni prekid neprijateljstava&#8217;"},"content":{"rendered":"<p>Predsjednik SAD D\u017eo Bajden je predstavio izraelski novi predlog o prekidu vatre u Gazi koji uklju\u010duje \u201ctrajni prekid neprijateljstava\u201d, \u0161to je bila jedna od spornih ta\u010daka u prethodnim razgovorima.<\/p>\n<p>Evo kako, prema navodima Al D\u017eazire, izgleda plan u tri faze:<\/p>\n<p>Prva faza traje \u0161est sedmica i uklju\u010duje \u201cpotpuni prekid vatre\u201d, povla\u010denje izraelskih snaga iz svih naseljenih podru\u010dja Gaze; osloba\u0111anje niza zarobljenika uklju\u010duju\u0107i \u017eene, starce i ranjene u zamjenu za osloba\u0111anje stotina palestinskih zatvorenika. Ameri\u010dki taoci \u0107e biti pu\u0161teni u ovoj fazi. Posmrtni ostaci ubijenih zarobljenika bi\u0107e vra\u0107eni njihovim porodicama. Palestinski civili \u0107e se vratiti u svoje domove u \u010detvrtima \u0161irom Gaze, uklju\u010duju\u0107i i sjever. Humanitarna pomo\u0107 \u0107e porasti za 600 kamiona koji \u0107e ulaziti u Gazu svaki dan. Me\u0111unarodna zajednica \u0107e podijeliti stotine hiljada \u0161atora. Sve to i jo\u0161 vi\u0161e zapo\u010de\u0107e odmah.<\/p>\n<p>Druga faza bi uklju\u010divala razmjenu zarobljenika i osloba\u0111anje svih preostalih \u017eivih talaca, uklju\u010duju\u0107i vojnike, zajedno s potpunim povla\u010denjem izraelskih vojnika iz Gaze.<\/p>\n<p>Tre\u0107a faza \u0107e uklju\u010divati po\u010detak \u201cvelikog plana obnove za Gazu\u201d i kona\u010dni povratak svih posmrtnih ostataka talaca koji su ubijeni.<\/p>\n<p>Bajden je rekao da se o\u010dekuje da \u0107e sve \u0161to je izlo\u017eeno u prvoj fazi izraelskog predloga \u201czapo\u010deti odmah\u201d ako Hamas pristane na dogovor. Rekao je da \u0107e nakon pokretanja prve faze Hamas i Izrael zapo\u010deti pregovore o drugoj fazi, koja uklju\u010duje trajni prekid neprijateljstava.<\/p>\n<p>\u201cPredlog ka\u017ee da ako pregovori traju du\u017ee od \u0161est sedmica, primirje \u0107e se nastaviti sve dok pregovori traju. SAD, Egipat i Katar radi\u0107e na tome da se pregovori nastave sve dok ne postignemo dogovore za po\u010detak druge faze.\u201d<\/p>\n<p>\u201cZnam da ima onih u Izraelu koji se ne\u0107e slo\u017eiti s ovim planom i poziva\u0107e na nastavak rata na neodre\u0111eno vrijeme. Neki su \u010dak u vladinoj koaliciji i jasno su dali do znanja da \u017eele okupirati Gazu, \u017eele nastaviti ratovati godinama, a taoci im nisu prioritet. Pa, pozivam vladu Izraela da stane iza ovog dogovora, uprkos svim pritiscima koji dolaze\u201d, poru\u010dio je Bajden, prenosi Al D\u017eazira.<\/p>\n","protected":false},"excerpt":{"rendered":"<p>Predsjednik SAD D\u017eo Bajden je predstavio izraelski novi predlog o prekidu vatre u Gazi koji uklju\u010duje \u201ctrajni prekid neprijateljstava\u201d, \u0161to je bila jedna od spornih ta\u010daka u prethodnim razgovorima<\/p>\n","protected":false},"author":1,"featured_media":393204,"comment_status":"open","ping_status":"closed","sticky":false,"template":"","format":"standard","meta":{"_seopress_robots_primary_cat":"none","_seopress_titles_title":"","_seopress_titles_desc":"","_seopress_robots_index":"","_et_pb_use_builder":"","_et_pb_old_content":"","_et_gb_content_width":"","inline_featured_image":false,"footnotes":""},"categories":[14],"tags":[],"class_list":["post-403339","post","type-post","status-publish","format-standard","has-post-thumbnail","hentry","category-vijesti"],"_links":{"self":[{"href":"https:\/\/www.pcnen.com\/portal\/wp-json\/wp\/v2\/posts\/403339","targetHints":{"allow":["GET"]}}],"collection":[{"href":"https:\/\/www.pcnen.com\/portal\/wp-json\/wp\/v2\/posts"}],"about":[{"href":"https:\/\/www.pcnen.com\/portal\/wp-json\/wp\/v2\/types\/post"}],"author":[{"embeddable":true,"href":"https:\/\/www.pcnen.com\/portal\/wp-json\/wp\/v2\/users\/1"}],"replies":[{"embeddable":true,"href":"https:\/\/www.pcnen.com\/portal\/wp-json\/wp\/v2\/comments?post=403339"}],"version-history":[{"count":1,"href":"https:\/\/www.pcnen.com\/portal\/wp-json\/wp\/v2\/posts\/403339\/revisions"}],"predecessor-version":[{"id":403342,"href":"https:\/\/www.pcnen.com\/portal\/wp-json\/wp\/v2\/posts\/403339\/revisions\/403342"}],"wp:featuredmedia":[{"embeddable":true,"href":"https:\/\/www.pcnen.com\/portal\/wp-json\/wp\/v2\/media\/393204"}],"wp:attachment":[{"href":"https:\/\/www.pcnen.com\/portal\/wp-json\/wp\/v2\/media?parent=403339"}],"wp:term":[{"taxonomy":"category","embeddable":true,"href":"https:\/\/www.pcnen.com\/portal\/wp-json\/wp\/v2\/categories?post=403339"},{"taxonomy":"post_tag","embeddable":true,"href":"https:\/\/www.pcnen.com\/portal\/wp-json\/wp\/v2\/tags?post=403339"}],"curies":[{"name":"wp","href":"https:\/\/api.w.org\/{rel}","templated":true}]}}