{"id":403031,"date":"2024-05-28T22:15:18","date_gmt":"2024-05-28T20:15:18","guid":{"rendered":"https:\/\/www.pcnen.com\/portal\/?p=403031"},"modified":"2024-05-28T22:20:17","modified_gmt":"2024-05-28T20:20:17","slug":"premijer-spajic-mimo-resornog-ministarstva-poslao-amandmane-ek-na-set-medijskih-zakona","status":"publish","type":"post","link":"https:\/\/www.pcnen.com\/portal\/2024\/05\/28\/premijer-spajic-mimo-resornog-ministarstva-poslao-amandmane-ek-na-set-medijskih-zakona\/","title":{"rendered":"Premijer Spaji\u0107 mimo resornog ministarstva poslao amandmane EK na set medijskih zakona"},"content":{"rendered":"<p>Ministarstvo kulture i medija nikada nije vidjelo amandmane na medijske zakone koje je Evropskoj komisiji (EK) uputio Kabinet premijera Milojka Spaji\u0107a, saop\u0161tio je ve\u010deras u emisji Reflektor TV Vijesti Ne\u0111eljko Rudovi\u0107, generalni direktor Direktorata za medije u Ministarstvu kulture i medija.<\/p>\n<p>&#8220;Ministarstvo kulture i medija nije zvani\u010dno dobilo mi\u0161ljenje EK o amandmanima na medijske zakone, zato \u0161to nije ni tra\u017eilo mi\u0161ljenje na te dodatne izmjene koje su zahtijevane, od pretpostavljam Kabineta premijera ili nekog drugog \u010dlana Vlade, ali mi za to ne znamo, kao ministarstvo koje je ovla\u0161\u0107eni predlaga\u010d medijskih zakona&#8221;, istakao je Rudovi\u0107, prenosi portal Vijesti.<\/p>\n<p>Amandmani na predloge medijskih zakona koje je uputio Kabinet premijera Spaji\u0107a navodno se podudaraju sa <a href=\"https:\/\/gamn.org\/inicijativa-32-nvo-podrska-jacanju-demokratskih-principa-u-medijskom-sektoru\/\" target=\"_blank\" rel=\"noopener\">predlozima<\/a> grupe nevladinih organizacija koje va\u017ee za bliske aktuelnom nelegalno izabranom generalnom direktoru RTCG Borisu Raoni\u0107u.<\/p>\n<p>Evropska komisija je ranije dala pozitivno mi\u0161ljenje o setu medijskih zakona koji su ura\u0111eni uz visok nivo saglasnosti unutar radne grupe koju je formiralo resorno ministarstvo. Grupa nevladinoh organizacija je nedavno <a href=\"https:\/\/mediacentar.me\/nvo-traze-od-vlade-da-novi-zakon-omoguci-da-rtcg-postane-istinski-javni-servis\/\" target=\"_blank\" rel=\"noopener\">zajedni\u010dkim saop\u0161tenjem<\/a> osta\u017eila podr\u0161ku rje\u0161enjima koja su se na\u0161la u nacrtu seta medijskih zakona.<\/p>\n","protected":false},"excerpt":{"rendered":"<p>Ministarstvo kulture i medija nikada nije vidjelo amandmane na medijske zakone koje je Evropskoj komisiji (EK) uputio Kabinet premijera Milojka Spaji\u0107a, saop\u0161tio je ve\u010deras u emisji Reflektor TV Vijesti Ne\u0111eljko Rudovi\u0107, generalni direktor Direktorata za medije u Ministarstvu kulture i medija<\/p>\n","protected":false},"author":1,"featured_media":403034,"comment_status":"open","ping_status":"closed","sticky":false,"template":"","format":"standard","meta":{"_seopress_robots_primary_cat":"none","_seopress_titles_title":"","_seopress_titles_desc":"","_seopress_robots_index":"","_et_pb_use_builder":"","_et_pb_old_content":"","_et_gb_content_width":"","inline_featured_image":false,"footnotes":""},"categories":[14],"tags":[],"class_list":["post-403031","post","type-post","status-publish","format-standard","has-post-thumbnail","hentry","category-vijesti"],"_links":{"self":[{"href":"https:\/\/www.pcnen.com\/portal\/wp-json\/wp\/v2\/posts\/403031","targetHints":{"allow":["GET"]}}],"collection":[{"href":"https:\/\/www.pcnen.com\/portal\/wp-json\/wp\/v2\/posts"}],"about":[{"href":"https:\/\/www.pcnen.com\/portal\/wp-json\/wp\/v2\/types\/post"}],"author":[{"embeddable":true,"href":"https:\/\/www.pcnen.com\/portal\/wp-json\/wp\/v2\/users\/1"}],"replies":[{"embeddable":true,"href":"https:\/\/www.pcnen.com\/portal\/wp-json\/wp\/v2\/comments?post=403031"}],"version-history":[{"count":3,"href":"https:\/\/www.pcnen.com\/portal\/wp-json\/wp\/v2\/posts\/403031\/revisions"}],"predecessor-version":[{"id":403037,"href":"https:\/\/www.pcnen.com\/portal\/wp-json\/wp\/v2\/posts\/403031\/revisions\/403037"}],"wp:featuredmedia":[{"embeddable":true,"href":"https:\/\/www.pcnen.com\/portal\/wp-json\/wp\/v2\/media\/403034"}],"wp:attachment":[{"href":"https:\/\/www.pcnen.com\/portal\/wp-json\/wp\/v2\/media?parent=403031"}],"wp:term":[{"taxonomy":"category","embeddable":true,"href":"https:\/\/www.pcnen.com\/portal\/wp-json\/wp\/v2\/categories?post=403031"},{"taxonomy":"post_tag","embeddable":true,"href":"https:\/\/www.pcnen.com\/portal\/wp-json\/wp\/v2\/tags?post=403031"}],"curies":[{"name":"wp","href":"https:\/\/api.w.org\/{rel}","templated":true}]}}