{"id":402953,"date":"2024-05-27T23:14:34","date_gmt":"2024-05-27T21:14:34","guid":{"rendered":"https:\/\/www.pcnen.com\/portal\/?p=402953"},"modified":"2024-05-27T23:17:14","modified_gmt":"2024-05-27T21:17:14","slug":"sestra-ubijenog-inspektora-scekica-moj-brat-znao-ko-je-ubio-duska-jovanovica","status":"publish","type":"post","link":"https:\/\/www.pcnen.com\/portal\/2024\/05\/27\/sestra-ubijenog-inspektora-scekica-moj-brat-znao-ko-je-ubio-duska-jovanovica\/","title":{"rendered":"Sestra ubijenog inspektora \u0160\u0107eki\u0107a: Moj brat znao ko je ubio Du\u0161ka Jovanovi\u0107a"},"content":{"rendered":"<p>Slavica \u0160\u0107eki\u0107, sestra ubijenog policijskog inspektora Slavoljuba \u0160\u0107eki\u0107a, je izjavila da je njen brat rasvijetlio ubistvo Du\u0161ka Jovanovi\u0107a, vlasnika i glavnog urednika dnevnika Dan. Kako prenosi portal Borba, ona je to kazala u emisije &#8216;Referat&#8217; koja je emitovana ve\u010deras na Parlamentarnom kanalu TVCG.<\/p>\n<p>\u0160\u0107eki\u0107 je rekla da je njen brat napravio zapisnik u kojem je naveo da je Vuk Vulevi\u0107 pucao na Jovanovi\u0107a, uz pomo\u0107 Mu\u0161e Osmanagi\u0107a. &#8220;Na tom zapisniku je pisalo da je Vuk Vulevi\u0107 pucao sa zadnjeg sjedi\u0161ta, nasloniv\u0161i desnu ruku na rame Mu\u0161e Osmanagi\u0107a, koji je sjedio na mjesto suvoza\u010da, da mu ruka ne zadrhti, i tako je pucao i ubio Du\u0161ka Jovanovi\u0107a\u201c.<\/p>\n<p>Ona je navelda da je poslije bratovog ubistva u njegovoj sobi prona\u0161la zapisnik i izvje\u0161taj sa imenom ubice. &#8220;Odmah nakon ubistva moga brata, do\u0161la su dva policajca, odnosno inspektora, tobo\u017ee da vide kako je porodica njihovog ubijenog kolege. I dok su oni tako sjedjeli sa nama u dnevnom boravku, tre\u0107i je uskakao kroz prozor. Da li je on tada uzeo te izvje\u0161taje ili \u0161ta se desilo nakon toga, ne znamo. Uglavnom, tih izvje\u0161taja na stolu mog brata vi\u0161e nije bilo\u201c, rekla je \u0160\u0107eki\u0107.<\/p>\n<p>Ona je kazala i da se u bratovim materijalima nalazio i CD na kom je bio snimak biv\u0161i premijer i predsjednik Crne Gore Milo \u0110ukanovi\u0107 kako uzima novac od \u0161verca duvana.<\/p>\n<p>\u0160\u0107eki\u0107 je kazala i da joj je brat prije smrti otkrio da se Milo \u0110ukanovi\u0107 raspitivao o njemu.<\/p>\n<p><a href=\"https:\/\/www.pcnen.com\/portal\/?s=Slavoljub+%C5%A0%C4%87eki%C4%87\" target=\"_blank\" rel=\"noopener\">VEZANE VIJESTI<\/a><\/p>\n","protected":false},"excerpt":{"rendered":"<p>Slavica \u0160\u0107eki\u0107, sestra ubijenog policijskog inspektora Slavoljuba \u0160\u0107eki\u0107a, je izjavila da je njen brat rasvijetlio ubistvo Du\u0161ka Jovanovi\u0107a, vlasnika i glavnog urednika dnevnika Dan. Kako prenosi portal Borba, ona je to kazala u emisije &#8216;Referat&#8217; koja je emitovana ve\u010deras na Parlamentarnom kanalu TVCG<\/p>\n","protected":false},"author":1,"featured_media":402956,"comment_status":"open","ping_status":"closed","sticky":false,"template":"","format":"standard","meta":{"_seopress_robots_primary_cat":"none","_seopress_titles_title":"","_seopress_titles_desc":"","_seopress_robots_index":"","_et_pb_use_builder":"","_et_pb_old_content":"","_et_gb_content_width":"","inline_featured_image":false,"footnotes":""},"categories":[14],"tags":[],"class_list":["post-402953","post","type-post","status-publish","format-standard","has-post-thumbnail","hentry","category-vijesti"],"_links":{"self":[{"href":"https:\/\/www.pcnen.com\/portal\/wp-json\/wp\/v2\/posts\/402953","targetHints":{"allow":["GET"]}}],"collection":[{"href":"https:\/\/www.pcnen.com\/portal\/wp-json\/wp\/v2\/posts"}],"about":[{"href":"https:\/\/www.pcnen.com\/portal\/wp-json\/wp\/v2\/types\/post"}],"author":[{"embeddable":true,"href":"https:\/\/www.pcnen.com\/portal\/wp-json\/wp\/v2\/users\/1"}],"replies":[{"embeddable":true,"href":"https:\/\/www.pcnen.com\/portal\/wp-json\/wp\/v2\/comments?post=402953"}],"version-history":[{"count":3,"href":"https:\/\/www.pcnen.com\/portal\/wp-json\/wp\/v2\/posts\/402953\/revisions"}],"predecessor-version":[{"id":402959,"href":"https:\/\/www.pcnen.com\/portal\/wp-json\/wp\/v2\/posts\/402953\/revisions\/402959"}],"wp:featuredmedia":[{"embeddable":true,"href":"https:\/\/www.pcnen.com\/portal\/wp-json\/wp\/v2\/media\/402956"}],"wp:attachment":[{"href":"https:\/\/www.pcnen.com\/portal\/wp-json\/wp\/v2\/media?parent=402953"}],"wp:term":[{"taxonomy":"category","embeddable":true,"href":"https:\/\/www.pcnen.com\/portal\/wp-json\/wp\/v2\/categories?post=402953"},{"taxonomy":"post_tag","embeddable":true,"href":"https:\/\/www.pcnen.com\/portal\/wp-json\/wp\/v2\/tags?post=402953"}],"curies":[{"name":"wp","href":"https:\/\/api.w.org\/{rel}","templated":true}]}}