{"id":402903,"date":"2024-05-27T11:22:41","date_gmt":"2024-05-27T09:22:41","guid":{"rendered":"https:\/\/www.pcnen.com\/portal\/?p=402903"},"modified":"2024-05-27T11:22:41","modified_gmt":"2024-05-27T09:22:41","slug":"u-beogradu-na-smrt-pretucen-brat-potpredsjednika-vlade-bih","status":"publish","type":"post","link":"https:\/\/www.pcnen.com\/portal\/2024\/05\/27\/u-beogradu-na-smrt-pretucen-brat-potpredsjednika-vlade-bih\/","title":{"rendered":"U Beogradu na smrt pretu\u010den brat potpredsjednika Vlade BiH"},"content":{"rendered":"<p>\u0110or\u0111e Mijatovi\u0107 (37), brat potpredsjednika Vlade Federacije BiH i ministra razvoja i preduzetni\u0161tva Vojina Mijatovi\u0107a preminuo je ju\u010de nakon \u0161to je pretu\u010den u dje\u010djem parku u beogradskoj op\u0161tini Vo\u017edovac, objavili su lokalni mediji.<\/p>\n<p>MUP je saop\u0161tio da su u pitanju dvije osobe i da se za njima traga.<\/p>\n<p>Mijatovi\u0107a su, kako javlja portal n1info.rs, oko 18 \u010dasova napali u parku na Medaku kada je iza\u0161ao da porazgovara sa huliganima koji su zastra\u0161ivali djecu.<\/p>\n<p>U razgovoru sa stanarima okolnih zgrada, n1info.rs saznaje da im mjesecima problem pravi ista grupa \u2013 od desetak tinejd\u017eera, starosti od 15 do 17 godina, koji redovno naru\u0161avaju javni red i mir i prave incidente.<\/p>\n","protected":false},"excerpt":{"rendered":"<p>\u0110or\u0111e Mijatovi\u0107 (37), brat potpredsjednika Vlade Federacije BiH i ministra razvoja i preduzetni\u0161tva Vojina Mijatovi\u0107a preminuo je ju\u010de nakon \u0161to je pretu\u010den u dje\u010djem parku u beogradskoj op\u0161tini Vo\u017edovac, objavili su lokalni mediji<\/p>\n","protected":false},"author":1,"featured_media":365876,"comment_status":"open","ping_status":"closed","sticky":false,"template":"","format":"standard","meta":{"_seopress_robots_primary_cat":"none","_seopress_titles_title":"","_seopress_titles_desc":"","_seopress_robots_index":"","_et_pb_use_builder":"","_et_pb_old_content":"","_et_gb_content_width":"","inline_featured_image":false,"footnotes":""},"categories":[14],"tags":[],"class_list":["post-402903","post","type-post","status-publish","format-standard","has-post-thumbnail","hentry","category-vijesti"],"_links":{"self":[{"href":"https:\/\/www.pcnen.com\/portal\/wp-json\/wp\/v2\/posts\/402903","targetHints":{"allow":["GET"]}}],"collection":[{"href":"https:\/\/www.pcnen.com\/portal\/wp-json\/wp\/v2\/posts"}],"about":[{"href":"https:\/\/www.pcnen.com\/portal\/wp-json\/wp\/v2\/types\/post"}],"author":[{"embeddable":true,"href":"https:\/\/www.pcnen.com\/portal\/wp-json\/wp\/v2\/users\/1"}],"replies":[{"embeddable":true,"href":"https:\/\/www.pcnen.com\/portal\/wp-json\/wp\/v2\/comments?post=402903"}],"version-history":[{"count":1,"href":"https:\/\/www.pcnen.com\/portal\/wp-json\/wp\/v2\/posts\/402903\/revisions"}],"predecessor-version":[{"id":402906,"href":"https:\/\/www.pcnen.com\/portal\/wp-json\/wp\/v2\/posts\/402903\/revisions\/402906"}],"wp:featuredmedia":[{"embeddable":true,"href":"https:\/\/www.pcnen.com\/portal\/wp-json\/wp\/v2\/media\/365876"}],"wp:attachment":[{"href":"https:\/\/www.pcnen.com\/portal\/wp-json\/wp\/v2\/media?parent=402903"}],"wp:term":[{"taxonomy":"category","embeddable":true,"href":"https:\/\/www.pcnen.com\/portal\/wp-json\/wp\/v2\/categories?post=402903"},{"taxonomy":"post_tag","embeddable":true,"href":"https:\/\/www.pcnen.com\/portal\/wp-json\/wp\/v2\/tags?post=402903"}],"curies":[{"name":"wp","href":"https:\/\/api.w.org\/{rel}","templated":true}]}}