{"id":402537,"date":"2024-05-23T09:09:30","date_gmt":"2024-05-23T07:09:30","guid":{"rendered":"https:\/\/www.pcnen.com\/portal\/?p=402537"},"modified":"2024-05-23T09:09:30","modified_gmt":"2024-05-23T07:09:30","slug":"generalna-skupstina-un-danas-o-rezoluciji-o-danu-sjecanja-na-genocid-u-srebrenici","status":"publish","type":"post","link":"https:\/\/www.pcnen.com\/portal\/2024\/05\/23\/generalna-skupstina-un-danas-o-rezoluciji-o-danu-sjecanja-na-genocid-u-srebrenici\/","title":{"rendered":"Generalna skup\u0161tina UN danas o rezoluciji o Danu sje\u0107anja na genocid u Srebrenici"},"content":{"rendered":"<p>Generalna skup\u0161tina Ujedinjenih nacija (GS UN) glasa\u0107e danas o rezoluciji kojom se 11. jul progla\u0161ava Me\u0111unarodnim danom sje\u0107anja na genocid u Srebrenici i osu\u0111uju negiranje genocida i veli\u010danje ratnih zlo\u010dinaca, podsje\u0107a Beta.<\/p>\n<p>Nacrt Rezolucije o Me\u0111unarodnom danu promi\u0161ljanja i sje\u0107anja na genocid u Srebrenici uvr\u0161ten je u dnevni red 82. Plenarnog sastanka pod ta\u010dkom Kultura mira, u 16.00 po centralnoevropskom vremenu.<\/p>\n<p>Rezoluciju su predlo\u017eile Njema\u010dka i Ruanda, a sponzorisale jo\u0161 34 dr\u017eave, me\u0111u kojima su zemlje Kvinte i sve biv\u0161e jugoslovenske republike, osim Srbije i Crne Gore.<\/p>\n<p>Uz predlaga\u010de Njema\u010dku i Ruandu, sponzori rezolucije su: Albanija, Australija, Austrija, Banglade\u0161, Belgija, BiH, Bugarska, \u010cile, Danska, Estonija, Finska, Francuska, Holandija, Hrvatska, Irska, Island, Italija, Jordan, Kanada, Lihten\u0161tajn, Litvanija, Luksemburg, Malezija, Mar\u0161alska Ostrva, Norve\u0161ka, Novi Zeland, Poljska, SAD, S. Makedonija, Slovenija, \u0160vedska, Turska, Velika Britanija i Vanuatu, navodi se u nacrtu dokumenta.<\/p>\n<p>U nacrtu rezolucije se podsje\u0107a na presude Me\u0111unarodnog krivi\u010dnog suda za biv\u0161u Jugoslaviju u Hagu i Me\u0111unarodnog suda pravde u Hagu, kojima je zlo\u010din u Srebrenici okarakterisan kao genocid.<\/p>\n<p>Podse\u0107a se i da se 2025. navr\u0161ava 30 godina od genocida u Srebrenici u kojem su 1995. izgubljena najmanje 8.372 \u017eivota.<\/p>\n<p>Nagla\u0161ava se odgovornost dr\u017eava da okon\u010daju neka\u017enjivosti za genocid, zlo\u010dine protiv \u010dovje\u010dnosti, ratne zlo\u010dine i druga kr\u0161enja me\u0111unarodnog humanitarnog prava i me\u0111unarodnog zakona o ljudskim pravima i da krivi\u010dno gone odgovorne za takva djela da bi se izbjeglo njihovo ponavljanje i do\u0161lo do odr\u017eivog mira, pravde, istine i pomirenja.<\/p>\n<p>U kona\u010dni tekst uba\u010dena su i dva amandmana koje je predlo\u017eila Crna Gora i kojima se ponavlja da se &#8220;krivi\u010dna odgovornost po me\u0111unarodnom pravu za zlo\u010din genocida ne mo\u017ee odnositi na bilo koju etni\u010dku, vjersku ili neku drugu zajednicu u cjelini&#8221;, kao i &#8220;\u010dvrsta posve\u0107enost odr\u017eavanju i ja\u010danju jedinstva u razli\u010ditostima u Bosni i Hercegovini&#8221;.<\/p>\n<p>Tekst nacrta rezolucije A\/78\/L.67 sa uba\u010denim amandmanima, objavljen na sajtu UN, glasi:<\/p>\n<blockquote><p><strong>Nacrt rezolucije<\/strong><\/p><\/blockquote>\n<p>Me\u0111unarodni dan promi\u0161ljanja i sje\u0107anja na genocid u Srebrenici 1995.<\/p>\n<p>Generalna skup\u0161tina,<\/p>\n<p>Vo\u0111ena Poveljom Ujedinjenih nacija, Univerzalnom deklaracijom o ljudskim pravima i Konvencijom o sprje\u010davanju i ka\u017enjavanju zlo\u010dina genocida,<\/p>\n<p>Pozivaju\u0107i se na rezoluciju Savjeta bezbjednosti 819 od 16. aprila 1993. kojom se Srebrenica progla\u0161ava bezbjednom zonom, rezoluciju 827 od 25. maja 1993. o osnivanju Me\u0111unarodnog krivi\u010dnog tribunala za biv\u0161u Jugoslaviju (MKSJ), i rezoluciju 1966 od 22. decembra 2010. o uspostavljanju Me\u0111unarodnog rezidualnog mehanizma za krivi\u010dne sudove,<\/p>\n<p>Podsjec\u0301ajuc\u0301i tako\u0111e na sve presude MKSJ-a, a posebno na osam koje sadr\u017ee presude za zlo\u010din genocida nad bosanskim Muslimanima po\u010dinjen u Srebrenici 1995, prije svega na presudu \u017dalbenog vijec\u0301a MKSJ od 19. aprila 2004. (Tu\u017eilac protiv Krstic\u0301a), presudu \u017dalbenog vec\u0301a Mehanizma od 8. juna 2021. (Tu\u017eilac protiv Mladic\u0301a), presudu \u017dalbenog vec\u0301a Mehanizma od 20. marta 2019. (Tu\u017eilac protiv Karad\u017eic\u0301a), kao i presudu Me\u0111unarodnog suda pravde (ICJ) od 26. februara 2007. kojom je presu\u0111eno da djela po\u010dinjena u Srebrenici predstavljaju djela genocida,<\/p>\n<p>Potvr\u0111ujuc\u0301i svoje sna\u017eno protivljenje neka\u017enjivosti za genocid, zlo\u010dine protiv \u010dovje\u010dnosti, ratne zlo\u010dine, ili druga kr\u0161enja me\u0111unarodnog humanitarnog prava i me\u0111unarodnog zakona o ljudskim pravima i nagla\u0161avajuc\u0301i u ovom kontekstu odgovornost dr\u017eava da okon\u010daju neka\u017enjivost i, u tom cilju, da temeljno istra\u017euju i krivi\u010dno gone, u skladu sa svojim relevantnim me\u0111unarodnim pravnim obavezama i svojim domac\u0301im pravom, lica odgovorna za takva djela, kako bi se izbjeglo njihovo ponavljanje i kako bi se do\u0161lo do odr\u017eivog mira, pravde, istine i pomirenja, za koje je u\u010de\u0161\u0107e \u017ertava i pre\u017eivelih, kao i \u010dlanova njihovih porodica centralno,<\/p>\n<p>Pozdravljajuc\u0301i va\u017ean napredak koji su me\u0111unarodni sudovi postigli poslednjih godina u borbi protiv neka\u017enjivosti i u obezbje\u0111ivanju odgovornosti za genocid, zlo\u010dine protiv \u010dovje\u010dnosti, ratne zlo\u010dine i druge te\u0161ke zlo\u010dine putem me\u0111unarodnog pravosudnog sistema,<\/p>\n<p>Prepoznaju\u0107i u tom pogledu poseban doprinos MKSJ i nagla\u0161avaju\u0107i va\u017enost da me\u0111unarodna zajednica bude spremna da preduzme kolektivnu akciju kroz Savjet bezbjednosti, u skladu sa Poveljom, i od slu\u010daja do slu\u010daja da dalje obezbijedi odgovaranje za genocid i spre\u010davanje genocida,<\/p>\n<p>Ponavljajuc\u0301i da je prema me\u0111unarodnom pravu, krivi\u010dna odgovornost za zlo\u010din genocida individualizovana i da se ne mo\u017ee pripisati nijednoj etni\u010dkoj, vjerskoj ili drugoj grupi ili zajednici u cjelini,<\/p>\n<p>Uzimajuc\u0301i u obzir ulogu specijalnih savjetnika generalnog sekretara za prevenciju genocida i odgovornost za za\u0161titu i napominjuc\u0301i va\u017enost redovnih brifinga o kr\u0161enjima ljudskih prava i me\u0111unarodnog humanitarnog prava kao i o govoru mr\u017enje i podsticanju ranog podizanja svijesti o potencijalnom genocidu,<\/p>\n<p>Napominjuc\u0301i da krivi\u010dno gonjenje osoba odgovornih za genocid i druge me\u0111unarodne zlo\u010dine u nacionalnim pravosudnim sistemima, uklju\u010dujuc\u0301i Sud Bosne i Hercegovine i MKSJ kao i Mehanizam, ostaje centralno mjesto u procesu nacionalnog pomirenja i izgradnje povjerenja, kao i za obnovu i odr\u017eavanje mira u Bosni i Hercegovini, i dalje prepoznajuc\u0301i da je sna\u017ena regionalna saradnja izme\u0111u nacionalnih tu\u017eila\u0161tava od su\u0161tinskog zna\u010daja za negovanje mira, pravde, istine i pomirenja me\u0111u zemljama u regionu,<\/p>\n<p>Ponavljajuc\u0301i nepokolebljivu predanost odr\u017eavanju stabilnosti i ja\u010danju jedinstva u razli\u010ditostima u Bosni i Hercegovini,<\/p>\n<p>Napominjuc\u0301i tako\u0111e da c\u0301e 2025. godine biti obilje\u017eena 30. godi\u0161njica genocida u Srebrenici u kojem je izgubljeno najmanje 8.372 \u017eivota, hiljade ljudi je raseljeno, a porodice i zajednice razorene,<\/p>\n<p>1. Odlu\u010duje da 11. jul proglasi za Me\u0111unarodni dan promi\u0161ljanja i sjec\u0301anja na genocid u Srebrenici 1995. i da se obilje\u017eava svake godine;<\/p>\n<p>2. Osu\u0111uje bez rezerve svako poricanje genocida u Srebrenici kao istorijskog doga\u0111aja i poziva dr\u017eave \u010dlanice da \u010duvaju utvr\u0111ene \u010dinjenice, uklju\u010dujuc\u0301i i kroz svoje obrazovne sisteme, razvijanjem odgovarajuc\u0301ih programa, tako\u0111e u znak sjec\u0301anja, u cilju sprje\u010davanja poricanja i pogre\u0161nog tuma\u010denja i pojave genocida u buduc\u0301nosti;<\/p>\n<p>3. Tako\u0111e bez rezerve osu\u0111uje djela koja veli\u010daju osobe pred me\u0111unarodnim sudovima osu\u0111ene za ratne zlo\u010dine, zlo\u010dine protiv \u010dovje\u010dnosti i genocid, uklju\u010dujuc\u0301i i one odgovorne za genocid u Srebrenici;<\/p>\n<p>4. Isti\u010de va\u017enost okon\u010danja procesa pronala\u017eenja i identifikacije preostalih \u017ertava genocida u Srebrenici i obezbje\u0111ivanja dostojanstvene sahrane za njih i poziva na nastavak procesuiranja po\u010dinilaca genocida u Srebrenici koji tek treba da se suo\u010de sa pravdom;<\/p>\n<p>5. Poziva sve dr\u017eave da se u potpunosti pridr\u017eavaju svojih obaveza prema Konvenciji o sprje\u010davanju i ka\u017enjavanju zlo\u010dina genocida, kako je primjenjivo, i me\u0111unarodnog obi\u010dajnog prava o sprje\u010davanju i ka\u017enjavanju genocida, uz du\u017eno po\u0161tovanje relevantnih odluka Me\u0111unarodnog suda pravde;<\/p>\n<p>6. Zahtijeva od generalnog sekretara da uspostavi program informisanja pod nazivom &#8220;Genocid u Srebrenici i Ujedinjene nacije&#8221;, zapo\u010dinju\u0107i aktivnosti na pripremama za obilje\u017eavanje 30. godi\u0161njice, 2025. godine, i dalje tra\u017ei od generalnog sekretara da na ovu rezoluciju skrene pa\u017enju svih dr\u017eava \u010dlanica, organizacija iz sistema UN i organizacija civilnog dru\u0161tva radi odgovarajuc\u0301eg po\u0161tovanja;<\/p>\n<p>7. Poziva sve dr\u017eave \u010dlanice, organizacije sistema Ujedinjenih nacija, druge me\u0111unarodne i regionalne organizacije i civilno dru\u0161tvo, uklju\u010dujuc\u0301i nevladine organizacije, akademske institucije i druge relevantne zainteresovane strane da obilje\u017eavaju Me\u0111unarodni dan, uklju\u010dujuc\u0301i posebne komemoracije i aktivnosti u znak sjec\u0301anja i u \u010dast \u017ertvama genocida 1995. godine u Srebrenici, kao i odgovarajuc\u0301u edukaciju i aktivnosti podizanja svesti javnosti.<\/p>\n","protected":false},"excerpt":{"rendered":"<p>Nacrt Rezolucije o Me\u0111unarodnom danu promi\u0161ljanja i sje\u0107anja na genocid u Srebrenici uvr\u0161ten je u dnevni red 82. Plenarnog sastanka pod ta\u010dkom Kultura mira, u 16.00 po centralnoevropskom vremenu<\/p>\n","protected":false},"author":1,"featured_media":400337,"comment_status":"open","ping_status":"closed","sticky":false,"template":"","format":"standard","meta":{"_seopress_robots_primary_cat":"none","_seopress_titles_title":"","_seopress_titles_desc":"","_seopress_robots_index":"","_et_pb_use_builder":"","_et_pb_old_content":"","_et_gb_content_width":"","inline_featured_image":false,"footnotes":""},"categories":[14],"tags":[],"class_list":["post-402537","post","type-post","status-publish","format-standard","has-post-thumbnail","hentry","category-vijesti"],"_links":{"self":[{"href":"https:\/\/www.pcnen.com\/portal\/wp-json\/wp\/v2\/posts\/402537","targetHints":{"allow":["GET"]}}],"collection":[{"href":"https:\/\/www.pcnen.com\/portal\/wp-json\/wp\/v2\/posts"}],"about":[{"href":"https:\/\/www.pcnen.com\/portal\/wp-json\/wp\/v2\/types\/post"}],"author":[{"embeddable":true,"href":"https:\/\/www.pcnen.com\/portal\/wp-json\/wp\/v2\/users\/1"}],"replies":[{"embeddable":true,"href":"https:\/\/www.pcnen.com\/portal\/wp-json\/wp\/v2\/comments?post=402537"}],"version-history":[{"count":1,"href":"https:\/\/www.pcnen.com\/portal\/wp-json\/wp\/v2\/posts\/402537\/revisions"}],"predecessor-version":[{"id":402540,"href":"https:\/\/www.pcnen.com\/portal\/wp-json\/wp\/v2\/posts\/402537\/revisions\/402540"}],"wp:featuredmedia":[{"embeddable":true,"href":"https:\/\/www.pcnen.com\/portal\/wp-json\/wp\/v2\/media\/400337"}],"wp:attachment":[{"href":"https:\/\/www.pcnen.com\/portal\/wp-json\/wp\/v2\/media?parent=402537"}],"wp:term":[{"taxonomy":"category","embeddable":true,"href":"https:\/\/www.pcnen.com\/portal\/wp-json\/wp\/v2\/categories?post=402537"},{"taxonomy":"post_tag","embeddable":true,"href":"https:\/\/www.pcnen.com\/portal\/wp-json\/wp\/v2\/tags?post=402537"}],"curies":[{"name":"wp","href":"https:\/\/api.w.org\/{rel}","templated":true}]}}