{"id":402508,"date":"2024-05-22T21:40:42","date_gmt":"2024-05-22T19:40:42","guid":{"rendered":"https:\/\/www.pcnen.com\/portal\/?p=402508"},"modified":"2024-05-22T21:40:57","modified_gmt":"2024-05-22T19:40:57","slug":"vlada-na-najgrublji-nacin-pokazala-da-ne-uvazava-zrtve-srpskog-naroda","status":"publish","type":"post","link":"https:\/\/www.pcnen.com\/portal\/2024\/05\/22\/vlada-na-najgrublji-nacin-pokazala-da-ne-uvazava-zrtve-srpskog-naroda\/","title":{"rendered":"Vlada na najgrublji na\u010din pokazala da ne uva\u017eava \u017ertve srpskog naroda"},"content":{"rendered":"<p>Demonstranti ispred zgrade Vlade Crne Gore u Podgorici poru\u010dili su ve\u010deras sa protesta da je Vlada Milojka Spaji\u0107a na najgrublji na\u010din pokazala da ne uva\u017eava \u017ertve srpskog naroda i da je njihova nacionalna du\u017enost da se odupru jo\u0161 jednom poku\u0161aju da se Srbima kao narodu nametne kolektivna krivica.<\/p>\n<p>Za sutra je najavljen protest ispred Skup\u0161tine Crne Gore.<\/p>\n<p>\u201cNajavljeno glasanje Crne Gore za prijedlog rezolucije o Srebrenici nepravedan je i opasan \u010din, jer Crna Gora nije samo zemlja srpskog naroda nego i srpskih \u017ertava u kojoj je uto\u010di\u0161te na\u0161lo brojno srpsko stanovni\u0161tvo iz BiH, Hrvatske i sa podru\u010dja Kosova i Metohije\u201d, \u00a0rekao je predstavnik organizatora protesta u Podgorici Zdravko Ni\u0161avi\u0107.<\/p>\n<p>Na skupu su se vijorile, srpske i ruske zastave. Skandiralo se &#8220;izdaja, izdaja&#8221; na ra\u010dun Vlade i premijera Spaji\u0107a.<\/p>\n<p>Skup su obezbje\u0111ivale jake policijske snage.<\/p>\n<p>Nakon govora i nekoliko recitala, okupljeni gra\u0111ani su se razi\u0161li, a incidenata nije bilo.<\/p>\n<blockquote class=\"wp-embedded-content\" data-secret=\"RpxjP8VWSe\"><p><a href=\"https:\/\/www.pcnen.com\/portal\/2024\/05\/22\/veceras-protest-slobodoljubivog-naroda-ispred-zgrade-vlade\/\">Ve\u010deras protest &#8216;slobodoljubivog naroda&#8217; ispred zgrade Vlade<\/a><\/p><\/blockquote>\n<p><iframe loading=\"lazy\" class=\"wp-embedded-content\" sandbox=\"allow-scripts\" security=\"restricted\" style=\"position: absolute; clip: rect(1px, 1px, 1px, 1px);\" title=\"&#8220;Ve\u010deras protest &#8216;slobodoljubivog naroda&#8217; ispred zgrade Vlade&#8221; &#8212; PCNEN\" src=\"https:\/\/www.pcnen.com\/portal\/2024\/05\/22\/veceras-protest-slobodoljubivog-naroda-ispred-zgrade-vlade\/embed\/#?secret=Sk4jLuyDEj#?secret=RpxjP8VWSe\" data-secret=\"RpxjP8VWSe\" width=\"600\" height=\"338\" frameborder=\"0\" marginwidth=\"0\" marginheight=\"0\" scrolling=\"no\"><\/iframe><\/p>\n","protected":false},"excerpt":{"rendered":"<p>Demonstranti ispred zgrade Vlade Crne Gore u Podgorici poru\u010dili su ve\u010deras sa protesta da je Vlada Milojka Spaji\u0107a na najgrublji na\u010din pokazala da ne uva\u017eava \u017ertve srpskog naroda i da je njihova nacionalna du\u017enost da se odupru jo\u0161 jednom poku\u0161aju da se Srbima kao narodu nametne kolektivna krivica.<\/p>\n","protected":false},"author":1,"featured_media":402511,"comment_status":"open","ping_status":"closed","sticky":false,"template":"","format":"standard","meta":{"_seopress_robots_primary_cat":"none","_seopress_titles_title":"","_seopress_titles_desc":"","_seopress_robots_index":"","_et_pb_use_builder":"","_et_pb_old_content":"","_et_gb_content_width":"","inline_featured_image":false,"footnotes":""},"categories":[14],"tags":[],"class_list":["post-402508","post","type-post","status-publish","format-standard","has-post-thumbnail","hentry","category-vijesti"],"_links":{"self":[{"href":"https:\/\/www.pcnen.com\/portal\/wp-json\/wp\/v2\/posts\/402508","targetHints":{"allow":["GET"]}}],"collection":[{"href":"https:\/\/www.pcnen.com\/portal\/wp-json\/wp\/v2\/posts"}],"about":[{"href":"https:\/\/www.pcnen.com\/portal\/wp-json\/wp\/v2\/types\/post"}],"author":[{"embeddable":true,"href":"https:\/\/www.pcnen.com\/portal\/wp-json\/wp\/v2\/users\/1"}],"replies":[{"embeddable":true,"href":"https:\/\/www.pcnen.com\/portal\/wp-json\/wp\/v2\/comments?post=402508"}],"version-history":[{"count":2,"href":"https:\/\/www.pcnen.com\/portal\/wp-json\/wp\/v2\/posts\/402508\/revisions"}],"predecessor-version":[{"id":402513,"href":"https:\/\/www.pcnen.com\/portal\/wp-json\/wp\/v2\/posts\/402508\/revisions\/402513"}],"wp:featuredmedia":[{"embeddable":true,"href":"https:\/\/www.pcnen.com\/portal\/wp-json\/wp\/v2\/media\/402511"}],"wp:attachment":[{"href":"https:\/\/www.pcnen.com\/portal\/wp-json\/wp\/v2\/media?parent=402508"}],"wp:term":[{"taxonomy":"category","embeddable":true,"href":"https:\/\/www.pcnen.com\/portal\/wp-json\/wp\/v2\/categories?post=402508"},{"taxonomy":"post_tag","embeddable":true,"href":"https:\/\/www.pcnen.com\/portal\/wp-json\/wp\/v2\/tags?post=402508"}],"curies":[{"name":"wp","href":"https:\/\/api.w.org\/{rel}","templated":true}]}}