{"id":402491,"date":"2024-05-22T16:37:33","date_gmt":"2024-05-22T14:37:33","guid":{"rendered":"https:\/\/www.pcnen.com\/portal\/?p=402491"},"modified":"2024-05-22T16:37:56","modified_gmt":"2024-05-22T14:37:56","slug":"up-vecerasnji-skup-organizovan-suprotno-zakonu","status":"publish","type":"post","link":"https:\/\/www.pcnen.com\/portal\/2024\/05\/22\/up-vecerasnji-skup-organizovan-suprotno-zakonu\/","title":{"rendered":"UP: Ve\u010dera\u0161nji skup organizovan suprotno Zakonu"},"content":{"rendered":"<p>Uprava policije Crne Gore jesaop\u0161tila da je skup, koji je najavljen za ve\u010deras u 19 sati, organizovan suprotno Zakonu.<\/p>\n<p>Oni su pozvali gra\u0111ane da doprinesu o\u010duvanju reda i mira.<\/p>\n<p>\u201cPutem dru\u0161tvenih mre\u017ea i pojedinih medija, od strane pojedinaca i predstavnika odre\u0111enih nevladinih organizacija i udru\u017eenja, za danas, 22. maja sa po\u010detkom u 19.00 \u010dasova najavljeno je neprijavljeno javno okupljanje, koje \u0107e se odr\u017eati ispred Vlade Crne Gore u Podgorici\u201d, \u00a0navode u saop\u0161tenju Uprave policije.<\/p>\n<p>\u201cPripadnici Uprave policije \u0107e preduzeti sve zakonom propisane mjere i radnje u cilju spre\u010davanja vr\u0161enja krivi\u010dnih djela i prekr\u0161aja, te obezbje\u0111enja stabilnog javnog reda i mira, te li\u010dne i imovinske sigurnosti svih gra\u0111ana\u201d, \u00a0zaklju\u010duju u saop\u0161tenju.<\/p>\n<blockquote class=\"wp-embedded-content\" data-secret=\"zEfrNSHieF\"><p><a href=\"https:\/\/www.pcnen.com\/portal\/2024\/05\/22\/veceras-protest-slobodoljubivog-naroda-ispred-zgrade-vlade\/\">Ve\u010deras protest &#8216;slobodoljubivog naroda&#8217; ispred zgrade Vlade<\/a><\/p><\/blockquote>\n<p><iframe loading=\"lazy\" class=\"wp-embedded-content\" sandbox=\"allow-scripts\" security=\"restricted\" style=\"position: absolute; clip: rect(1px, 1px, 1px, 1px);\" title=\"&#8220;Ve\u010deras protest &#8216;slobodoljubivog naroda&#8217; ispred zgrade Vlade&#8221; &#8212; PCNEN\" src=\"https:\/\/www.pcnen.com\/portal\/2024\/05\/22\/veceras-protest-slobodoljubivog-naroda-ispred-zgrade-vlade\/embed\/#?secret=HDRZ1pdJbw#?secret=zEfrNSHieF\" data-secret=\"zEfrNSHieF\" width=\"600\" height=\"338\" frameborder=\"0\" marginwidth=\"0\" marginheight=\"0\" scrolling=\"no\"><\/iframe><\/p>\n","protected":false},"excerpt":{"rendered":"<p>Uprava policije Crne Gore jesaop\u0161tila da je skup, koji je najavljen za ve\u010deras u 19 sati, organizovan suprotno Zakonu.<\/p>\n","protected":false},"author":1,"featured_media":0,"comment_status":"open","ping_status":"closed","sticky":false,"template":"","format":"standard","meta":{"_seopress_robots_primary_cat":"none","_seopress_titles_title":"","_seopress_titles_desc":"","_seopress_robots_index":"","_et_pb_use_builder":"","_et_pb_old_content":"","_et_gb_content_width":"","inline_featured_image":false,"footnotes":""},"categories":[14],"tags":[],"class_list":["post-402491","post","type-post","status-publish","format-standard","hentry","category-vijesti"],"_links":{"self":[{"href":"https:\/\/www.pcnen.com\/portal\/wp-json\/wp\/v2\/posts\/402491","targetHints":{"allow":["GET"]}}],"collection":[{"href":"https:\/\/www.pcnen.com\/portal\/wp-json\/wp\/v2\/posts"}],"about":[{"href":"https:\/\/www.pcnen.com\/portal\/wp-json\/wp\/v2\/types\/post"}],"author":[{"embeddable":true,"href":"https:\/\/www.pcnen.com\/portal\/wp-json\/wp\/v2\/users\/1"}],"replies":[{"embeddable":true,"href":"https:\/\/www.pcnen.com\/portal\/wp-json\/wp\/v2\/comments?post=402491"}],"version-history":[{"count":2,"href":"https:\/\/www.pcnen.com\/portal\/wp-json\/wp\/v2\/posts\/402491\/revisions"}],"predecessor-version":[{"id":402496,"href":"https:\/\/www.pcnen.com\/portal\/wp-json\/wp\/v2\/posts\/402491\/revisions\/402496"}],"wp:attachment":[{"href":"https:\/\/www.pcnen.com\/portal\/wp-json\/wp\/v2\/media?parent=402491"}],"wp:term":[{"taxonomy":"category","embeddable":true,"href":"https:\/\/www.pcnen.com\/portal\/wp-json\/wp\/v2\/categories?post=402491"},{"taxonomy":"post_tag","embeddable":true,"href":"https:\/\/www.pcnen.com\/portal\/wp-json\/wp\/v2\/tags?post=402491"}],"curies":[{"name":"wp","href":"https:\/\/api.w.org\/{rel}","templated":true}]}}