{"id":402482,"date":"2024-05-22T13:21:59","date_gmt":"2024-05-22T11:21:59","guid":{"rendered":"https:\/\/www.pcnen.com\/portal\/?p=402482"},"modified":"2024-05-22T13:21:59","modified_gmt":"2024-05-22T11:21:59","slug":"memorijalni-centar-ne-dozvoljava-delegaciji-vlade-srpske-da-polozi-vijence-u-potocarima","status":"publish","type":"post","link":"https:\/\/www.pcnen.com\/portal\/2024\/05\/22\/memorijalni-centar-ne-dozvoljava-delegaciji-vlade-srpske-da-polozi-vijence-u-potocarima\/","title":{"rendered":"Memorijalni centar ne dozvoljava delegaciji Vlade Srpske da polo\u017ei vijence u Poto\u010darima"},"content":{"rendered":"<p>Nakon \u0161to je Vlada Republike Srpske tra\u017eila informaciju od Memorijalnog centara da 23. maja od 11 do 11.45 \u010dasova delegacija Vlade posjeti Poto\u010dare i polo\u017ei vijence, iz Memorijalnog centra to su odbili.<\/p>\n<p>Iz Memorinalnog centra su odgovorili da ne dozvoljavaju polaganje vijenaca &#8220;tamo gdje ste ubijali&#8221;, prenosi RTRS.<\/p>\n","protected":false},"excerpt":{"rendered":"<p>Nakon \u0161to je Vlada Republike Srpske tra\u017eila informaciju od Memorijalnog centara da 23. maja od 11 do 11.45 \u010dasova delegacija Vlade posjeti Poto\u010dare i polo\u017ei vijence, iz Memorijalnog centra to su odbili.<\/p>\n","protected":false},"author":1,"featured_media":296567,"comment_status":"open","ping_status":"closed","sticky":false,"template":"","format":"standard","meta":{"_seopress_robots_primary_cat":"none","_seopress_titles_title":"","_seopress_titles_desc":"","_seopress_robots_index":"","_et_pb_use_builder":"","_et_pb_old_content":"","_et_gb_content_width":"","inline_featured_image":false,"footnotes":""},"categories":[14],"tags":[],"class_list":["post-402482","post","type-post","status-publish","format-standard","has-post-thumbnail","hentry","category-vijesti"],"_links":{"self":[{"href":"https:\/\/www.pcnen.com\/portal\/wp-json\/wp\/v2\/posts\/402482","targetHints":{"allow":["GET"]}}],"collection":[{"href":"https:\/\/www.pcnen.com\/portal\/wp-json\/wp\/v2\/posts"}],"about":[{"href":"https:\/\/www.pcnen.com\/portal\/wp-json\/wp\/v2\/types\/post"}],"author":[{"embeddable":true,"href":"https:\/\/www.pcnen.com\/portal\/wp-json\/wp\/v2\/users\/1"}],"replies":[{"embeddable":true,"href":"https:\/\/www.pcnen.com\/portal\/wp-json\/wp\/v2\/comments?post=402482"}],"version-history":[{"count":1,"href":"https:\/\/www.pcnen.com\/portal\/wp-json\/wp\/v2\/posts\/402482\/revisions"}],"predecessor-version":[{"id":402485,"href":"https:\/\/www.pcnen.com\/portal\/wp-json\/wp\/v2\/posts\/402482\/revisions\/402485"}],"wp:featuredmedia":[{"embeddable":true,"href":"https:\/\/www.pcnen.com\/portal\/wp-json\/wp\/v2\/media\/296567"}],"wp:attachment":[{"href":"https:\/\/www.pcnen.com\/portal\/wp-json\/wp\/v2\/media?parent=402482"}],"wp:term":[{"taxonomy":"category","embeddable":true,"href":"https:\/\/www.pcnen.com\/portal\/wp-json\/wp\/v2\/categories?post=402482"},{"taxonomy":"post_tag","embeddable":true,"href":"https:\/\/www.pcnen.com\/portal\/wp-json\/wp\/v2\/tags?post=402482"}],"curies":[{"name":"wp","href":"https:\/\/api.w.org\/{rel}","templated":true}]}}