{"id":402476,"date":"2024-05-22T12:39:43","date_gmt":"2024-05-22T10:39:43","guid":{"rendered":"https:\/\/www.pcnen.com\/portal\/?p=402476"},"modified":"2024-05-22T12:39:43","modified_gmt":"2024-05-22T10:39:43","slug":"veceras-protest-slobodoljubivog-naroda-ispred-zgrade-vlade","status":"publish","type":"post","link":"https:\/\/www.pcnen.com\/portal\/2024\/05\/22\/veceras-protest-slobodoljubivog-naroda-ispred-zgrade-vlade\/","title":{"rendered":"Ve\u010deras protest &#8216;slobodoljubivog naroda&#8217; ispred zgrade Vlade"},"content":{"rendered":"<p>Vi\u0161e organizacija najavilo je za danas protest ispred Vlade zbog najave izvr\u0161ne vlasti da \u0107e u UN podr\u017eati Rezoluciju o Srebrenici.<\/p>\n<p>\u201cPozivamo sav slobodoljubiv narod Crne Gore koji je sa nama \u010duvao svetinje i du\u017ee od godinu dana bio u litijama da nam se priklju\u010di ispred Vlade Crne Gore u Podgorici 22. maja od 19 \u010dasova, kako bismo poslali poruku onima koje smo tada podr\u017eali nadaju\u0107u se pravdi i za srpski narod\u201d, navode u izjavi za IN4S portal organizatori protesta.<\/p>\n<p>\u201cPodno\u0161enjem predloga rezolucije o genocidu u Srebrenici, ova Vlada na \u010dijem je \u010delu Milojko Spaji\u0107 na najgrublji na\u010din je pokazala da ne uva\u017eava upravo \u017ertve srpskog naroda i da poni\u0161tava sve vrijednosti na\u0161e trodecenijske borbe.\u00a0 Ne pristajemo na nastavak servilne politike koju je trasirao Milo \u0110ukanovi\u0107 a danas nastavljaju neki drugi. Na\u0161a nacionalna du\u017enost je da se odupremo jo\u0161 jednom poku\u0161aju da nam se nametne kolektivna krivica kao narodu\u201d, rekli su organizatori skupa.<\/p>\n<p>&#8220;Ne pristajemo na nastavak servilne politike koju je trasirao Milo \u0110ukanovi\u0107 a danas nastavljaju neki drugi. Na\u0161a nacionalna du\u017enost je da se odupremo jo\u0161 jednom poku\u0161aju da nam se nametne kolektivna krivica kao narodu&#8221;, rekli su organizatori skupa.<\/p>\n<p>Organizatori skupa:<\/p>\n<p>Srpski kulturni centar \u201cPatrijarh Varnava\u201d<\/p>\n<p>Srpski kulturni klub \u201cSveti Sava\u201d<\/p>\n<p>Srpsko dru\u0161tvo Sveti Sava iz Bijelog Polja.<\/p>\n<p>Udru\u017eenje po\u0161tovalaca u\u010desnika oslobodila\u010dkih ratova 1912-1918.<\/p>\n<p>NVO \u201cHerceg\u201d \u2013 Pljevlja<\/p>\n<p>NVO \u201cSrpska nit\u201d<\/p>\n<p>NVO \u201cBo\u017euri\u201d<\/p>\n<p>NVO \u201cStupovi\u201d<\/p>\n<p>NVO \u201cMiholjski zbor\u201d<\/p>\n<p>NVO \u201cSerdar\u201d<\/p>\n<p>&#8220;No\u0107ni vukovi&#8221;<\/p>\n","protected":false},"excerpt":{"rendered":"<p>Vi\u0161e organizacija najavilo je za danas protest ispred Vlade zbog najave izvr\u0161ne vlasti da \u0107e u UN podr\u017eati Rezoluciju o Srebrenici.<\/p>\n","protected":false},"author":1,"featured_media":383949,"comment_status":"open","ping_status":"closed","sticky":false,"template":"","format":"standard","meta":{"_seopress_robots_primary_cat":"none","_seopress_titles_title":"","_seopress_titles_desc":"","_seopress_robots_index":"","_et_pb_use_builder":"","_et_pb_old_content":"","_et_gb_content_width":"","inline_featured_image":false,"footnotes":""},"categories":[14],"tags":[],"class_list":["post-402476","post","type-post","status-publish","format-standard","has-post-thumbnail","hentry","category-vijesti"],"_links":{"self":[{"href":"https:\/\/www.pcnen.com\/portal\/wp-json\/wp\/v2\/posts\/402476","targetHints":{"allow":["GET"]}}],"collection":[{"href":"https:\/\/www.pcnen.com\/portal\/wp-json\/wp\/v2\/posts"}],"about":[{"href":"https:\/\/www.pcnen.com\/portal\/wp-json\/wp\/v2\/types\/post"}],"author":[{"embeddable":true,"href":"https:\/\/www.pcnen.com\/portal\/wp-json\/wp\/v2\/users\/1"}],"replies":[{"embeddable":true,"href":"https:\/\/www.pcnen.com\/portal\/wp-json\/wp\/v2\/comments?post=402476"}],"version-history":[{"count":2,"href":"https:\/\/www.pcnen.com\/portal\/wp-json\/wp\/v2\/posts\/402476\/revisions"}],"predecessor-version":[{"id":402481,"href":"https:\/\/www.pcnen.com\/portal\/wp-json\/wp\/v2\/posts\/402476\/revisions\/402481"}],"wp:featuredmedia":[{"embeddable":true,"href":"https:\/\/www.pcnen.com\/portal\/wp-json\/wp\/v2\/media\/383949"}],"wp:attachment":[{"href":"https:\/\/www.pcnen.com\/portal\/wp-json\/wp\/v2\/media?parent=402476"}],"wp:term":[{"taxonomy":"category","embeddable":true,"href":"https:\/\/www.pcnen.com\/portal\/wp-json\/wp\/v2\/categories?post=402476"},{"taxonomy":"post_tag","embeddable":true,"href":"https:\/\/www.pcnen.com\/portal\/wp-json\/wp\/v2\/tags?post=402476"}],"curies":[{"name":"wp","href":"https:\/\/api.w.org\/{rel}","templated":true}]}}