{"id":402456,"date":"2024-05-22T09:21:38","date_gmt":"2024-05-22T07:21:38","guid":{"rendered":"https:\/\/www.pcnen.com\/portal\/?p=402456"},"modified":"2024-05-22T09:21:38","modified_gmt":"2024-05-22T07:21:38","slug":"danas-je-medjunarodni-dan-biodiverziteta","status":"publish","type":"post","link":"https:\/\/www.pcnen.com\/portal\/2024\/05\/22\/danas-je-medjunarodni-dan-biodiverziteta\/","title":{"rendered":"Danas je Me\u0111unarodni dan biodiverziteta"},"content":{"rendered":"<p>Danas (22. maj) je Me\u0111unarodni dan biodiverziteta, koji je Generalna skup\u0161tina Ujedinjenih nacija ustanovila\u00a0 u decembru 2000. godine, a datum je simboli\u010dno izabran u znak podse\u0107anja na 22. maj 1992. kada je usvojen tekst Konvencije o biolo\u0161koj raznovrsnosti u cilju za\u0161tite prirode \u0161irom na\u0161e planete.<\/p>\n<p>Biolo\u0161ka raznovrsnost, odnosno biodiverzitet, predstavlja sve varijacije \u017eivota na planeti Zemlji u njihovim razli\u010ditim pojavnim oblicima, od mikroskopski sitnih bakterija do \u010ditavih ekosistema kao \u0161to su \u0161ume ili koralni grebeni. Prirodna bogatstva kojima danas svedo\u010dimo rezultat su evolucije duge milijardama godina.<\/p>\n<p>Mada je poljoprivreda klju\u010dni razlog gubitka biodiverziteta, klimatske promene igraju rastu\u0107u ulogu u tom procesu. Pod njihovim uticajem mijenjaju se morski, kopneni i mnogi drugi ekosistemi. Na lokalnom nivou dolazi do istrebljenja vrsta, a prije desetak godina je, kao posledica porasta oluja, nestao i prvi sisar, jedan australijski, do tada malo poznati, glodar, <a href=\"https:\/\/klima101.rs\/medjunarodni-dan-biodiverziteta-klimatske-promene\/\" target=\"_blank\" rel=\"noopener\">pi\u0161e<\/a> portal klima101.rs.<\/p>\n<p>O\u010duvanje i obnavljanje prirodnih predjela, kako na kopnu tako i u okeanima, klju\u010dno je za ograni\u010denje \u0161tetnih emisija i prilago\u0111avanje na ve\u0107 promijenjenu klimu. Prema podacima Agencije Ujedinjenih nacija za za\u0161titu \u017eivotne sredine (UNEP), oko jedne tre\u0107ine ubla\u017evanja klimatskih promjena do kraja decenije mo\u017ee da se obezbijedi kroz unapre\u0111ivanje sposobnosti prirode da apsorbuje \u0161tetne emisije.<\/p>\n<p>Pomaci postoje: na petnaestom Samitu Ujedinjenih nacija o biodiverzitetu, odr\u017eanom 2022. u Montrealu, donesena je istorijska odluka za spas prirode: najmanje 30% kopna, svje\u017ee vode, obalnih predjela i okeana treba da bude za\u0161ti\u0107eno do 2030, a fokus se stavlja na oblasti od posebnog zna\u010daja za biodiverzitet i ekosistemsko funkcionisanje i usluge.<\/p>\n<p>Trenutno je pod za\u0161titom 17% kopnenih i 10% morskih podru\u010dja.<\/p>\n<p>O stanju biodiverziteta u Crnoj Gori mo\u017eete se informisati na sajtu<a href=\"https:\/\/www.biodiverzitet.me\/\" target=\"_blank\" rel=\"noopener\"> biodiverzitet.me<\/a>\/<\/p>\n","protected":false},"excerpt":{"rendered":"<p>Datum je simboli\u010dno izabran u znak podse\u0107anja na 22. maj 1992. kada je usvojen tekst Konvencije o biolo\u0161koj raznovrsnosti u cilju za\u0161tite prirode \u0161irom na\u0161e planete<\/p>\n","protected":false},"author":1,"featured_media":402459,"comment_status":"open","ping_status":"closed","sticky":false,"template":"","format":"standard","meta":{"_seopress_robots_primary_cat":"none","_seopress_titles_title":"","_seopress_titles_desc":"","_seopress_robots_index":"","_et_pb_use_builder":"","_et_pb_old_content":"","_et_gb_content_width":"","inline_featured_image":false,"footnotes":""},"categories":[14],"tags":[],"class_list":["post-402456","post","type-post","status-publish","format-standard","has-post-thumbnail","hentry","category-vijesti"],"_links":{"self":[{"href":"https:\/\/www.pcnen.com\/portal\/wp-json\/wp\/v2\/posts\/402456","targetHints":{"allow":["GET"]}}],"collection":[{"href":"https:\/\/www.pcnen.com\/portal\/wp-json\/wp\/v2\/posts"}],"about":[{"href":"https:\/\/www.pcnen.com\/portal\/wp-json\/wp\/v2\/types\/post"}],"author":[{"embeddable":true,"href":"https:\/\/www.pcnen.com\/portal\/wp-json\/wp\/v2\/users\/1"}],"replies":[{"embeddable":true,"href":"https:\/\/www.pcnen.com\/portal\/wp-json\/wp\/v2\/comments?post=402456"}],"version-history":[{"count":1,"href":"https:\/\/www.pcnen.com\/portal\/wp-json\/wp\/v2\/posts\/402456\/revisions"}],"predecessor-version":[{"id":402460,"href":"https:\/\/www.pcnen.com\/portal\/wp-json\/wp\/v2\/posts\/402456\/revisions\/402460"}],"wp:featuredmedia":[{"embeddable":true,"href":"https:\/\/www.pcnen.com\/portal\/wp-json\/wp\/v2\/media\/402459"}],"wp:attachment":[{"href":"https:\/\/www.pcnen.com\/portal\/wp-json\/wp\/v2\/media?parent=402456"}],"wp:term":[{"taxonomy":"category","embeddable":true,"href":"https:\/\/www.pcnen.com\/portal\/wp-json\/wp\/v2\/categories?post=402456"},{"taxonomy":"post_tag","embeddable":true,"href":"https:\/\/www.pcnen.com\/portal\/wp-json\/wp\/v2\/tags?post=402456"}],"curies":[{"name":"wp","href":"https:\/\/api.w.org\/{rel}","templated":true}]}}