{"id":402452,"date":"2024-05-22T08:58:39","date_gmt":"2024-05-22T06:58:39","guid":{"rendered":"https:\/\/www.pcnen.com\/portal\/?p=402452"},"modified":"2024-05-22T08:58:39","modified_gmt":"2024-05-22T06:58:39","slug":"evropske-zemlje-pocinju-da-priznaju-palestinu","status":"publish","type":"post","link":"https:\/\/www.pcnen.com\/portal\/2024\/05\/22\/evropske-zemlje-pocinju-da-priznaju-palestinu\/","title":{"rendered":"Evropske zemlje po\u010dinju da priznaju Palestinu"},"content":{"rendered":"<p>Norve\u0161ka vlada je danas objavila da priznaje nezavisnu palestinsku dr\u017eavu.<\/p>\n<p>Norve\u0161ki premijer Jonas Gahr Store je objavio na konferenciji za novinare da \u0107e njegova zemlja priznati Palestinu kao dr\u017eavu od 28. maja, uprkos upozorenjima izraelske vlade.<\/p>\n<p>Irska vlada tako\u0111e \u0107e danas objaviti priznanje dr\u017eave Palestine, rekao je ju\u010de upu\u0107eni izvor.<\/p>\n<p>I \u0161panski premijer Pedro San\u010dez \u0107e danas u \u0161panskom parlamentu objaviti datum slu\u017ebenog priznavanja palestinske dr\u017eavnosti, <a href=\"https:\/\/balkans.aljazeera.net\/news\/world\/2024\/5\/22\/norveska-priznala-palestinu-irska-i-spanija-najavili-isti-potez\" target=\"_blank\" rel=\"noopener\">prenosi<\/a> Al D\u017eazira.<\/p>\n","protected":false},"excerpt":{"rendered":"<p>Norve\u0161ka, Irska i \u0160panija su najavile priznavanje dr\u017eave Palestine<\/p>\n","protected":false},"author":1,"featured_media":283194,"comment_status":"open","ping_status":"closed","sticky":false,"template":"","format":"standard","meta":{"_seopress_robots_primary_cat":"none","_seopress_titles_title":"","_seopress_titles_desc":"","_seopress_robots_index":"","_et_pb_use_builder":"","_et_pb_old_content":"","_et_gb_content_width":"","inline_featured_image":false,"footnotes":""},"categories":[14],"tags":[],"class_list":["post-402452","post","type-post","status-publish","format-standard","has-post-thumbnail","hentry","category-vijesti"],"_links":{"self":[{"href":"https:\/\/www.pcnen.com\/portal\/wp-json\/wp\/v2\/posts\/402452","targetHints":{"allow":["GET"]}}],"collection":[{"href":"https:\/\/www.pcnen.com\/portal\/wp-json\/wp\/v2\/posts"}],"about":[{"href":"https:\/\/www.pcnen.com\/portal\/wp-json\/wp\/v2\/types\/post"}],"author":[{"embeddable":true,"href":"https:\/\/www.pcnen.com\/portal\/wp-json\/wp\/v2\/users\/1"}],"replies":[{"embeddable":true,"href":"https:\/\/www.pcnen.com\/portal\/wp-json\/wp\/v2\/comments?post=402452"}],"version-history":[{"count":1,"href":"https:\/\/www.pcnen.com\/portal\/wp-json\/wp\/v2\/posts\/402452\/revisions"}],"predecessor-version":[{"id":402455,"href":"https:\/\/www.pcnen.com\/portal\/wp-json\/wp\/v2\/posts\/402452\/revisions\/402455"}],"wp:featuredmedia":[{"embeddable":true,"href":"https:\/\/www.pcnen.com\/portal\/wp-json\/wp\/v2\/media\/283194"}],"wp:attachment":[{"href":"https:\/\/www.pcnen.com\/portal\/wp-json\/wp\/v2\/media?parent=402452"}],"wp:term":[{"taxonomy":"category","embeddable":true,"href":"https:\/\/www.pcnen.com\/portal\/wp-json\/wp\/v2\/categories?post=402452"},{"taxonomy":"post_tag","embeddable":true,"href":"https:\/\/www.pcnen.com\/portal\/wp-json\/wp\/v2\/tags?post=402452"}],"curies":[{"name":"wp","href":"https:\/\/api.w.org\/{rel}","templated":true}]}}