{"id":402437,"date":"2024-05-22T07:38:07","date_gmt":"2024-05-22T05:38:07","guid":{"rendered":"https:\/\/www.pcnen.com\/portal\/?p=402437"},"modified":"2024-05-22T07:38:07","modified_gmt":"2024-05-22T05:38:07","slug":"rakcevic-najavio-rekonstrukciju-jusovace","status":"publish","type":"post","link":"https:\/\/www.pcnen.com\/portal\/2024\/05\/22\/rakcevic-najavio-rekonstrukciju-jusovace\/","title":{"rendered":"Rak\u010devi\u0107 najavio rekonstrukciju &#8216;Jusova\u010de&#8217;"},"content":{"rendered":"<p>Luka Rak\u010devi\u0107, zamjenik gradona\u010delnice Podgorice, je najavio rekonstrukciju\u00a0 &#8216;Jusova\u010da&#8217;, starog zatvora koji odavno nije upotrebljiv ni za \u0161to.<\/p>\n<p>&#8220;Ovaj stari turski zatvor, nakon zavr\u0161enog postupka, posta\u0107e novo mjesto okupljanja u na\u0161em Gradu i mjesto velikog kulturnog i kreativnog naboja, \u0161ta \u0107e ujedno pokrenuti i proces potpune transformacije tog zapu\u0161tenog dijela Grada&#8221;, najavio je Rak\u010devi\u0107 na svojoj FB stranici.<\/p>\n<p><iframe loading=\"lazy\" style=\"border: none; overflow: hidden;\" src=\"https:\/\/www.facebook.com\/plugins\/video.php?height=314&amp;href=https%3A%2F%2Fwww.facebook.com%2Frakcevicluka%2Fvideos%2F1132540271399504%2F&amp;show_text=false&amp;width=560&amp;t=0\" width=\"560\" height=\"314\" frameborder=\"0\" scrolling=\"no\" allowfullscreen=\"allowfullscreen\"><\/iframe><\/p>\n<p>&nbsp;<\/p>\n<blockquote class=\"wp-embedded-content\" data-secret=\"0l7VTMI0jI\"><p><a href=\"https:\/\/www.pcnen.com\/portal\/2021\/08\/31\/jusovaca-ima-proslost-buducnost-joj-neizvjesna\/\">&#8216;Jusova\u010da&#8217; ima pro\u0161lost, budu\u0107nost joj neizvjesna<\/a><\/p><\/blockquote>\n<p><iframe loading=\"lazy\" class=\"wp-embedded-content\" sandbox=\"allow-scripts\" security=\"restricted\" style=\"position: absolute; clip: rect(1px, 1px, 1px, 1px);\" title=\"&#8220;&#8216;Jusova\u010da&#8217; ima pro\u0161lost, budu\u0107nost joj neizvjesna&#8221; &#8212; PCNEN\" src=\"https:\/\/www.pcnen.com\/portal\/2021\/08\/31\/jusovaca-ima-proslost-buducnost-joj-neizvjesna\/embed\/#?secret=GHdvePI4Pm#?secret=0l7VTMI0jI\" data-secret=\"0l7VTMI0jI\" width=\"600\" height=\"338\" frameborder=\"0\" marginwidth=\"0\" marginheight=\"0\" scrolling=\"no\"><\/iframe><\/p>\n<p>&nbsp;<\/p>\n","protected":false},"excerpt":{"rendered":"<p>Luka Rak\u010devi\u0107, zamjenik gradona\u010delnice Podgorice, je najavio rekonstrukciju\u00a0 &#8216;Jusova\u010da&#8217;, starog zatvora koji odavno nije upotrebljiv ni za \u0161to.<\/p>\n","protected":false},"author":1,"featured_media":286049,"comment_status":"open","ping_status":"closed","sticky":false,"template":"","format":"standard","meta":{"_seopress_robots_primary_cat":"none","_seopress_titles_title":"","_seopress_titles_desc":"","_seopress_robots_index":"","_et_pb_use_builder":"","_et_pb_old_content":"","_et_gb_content_width":"","inline_featured_image":false,"footnotes":""},"categories":[14],"tags":[],"class_list":["post-402437","post","type-post","status-publish","format-standard","has-post-thumbnail","hentry","category-vijesti"],"_links":{"self":[{"href":"https:\/\/www.pcnen.com\/portal\/wp-json\/wp\/v2\/posts\/402437","targetHints":{"allow":["GET"]}}],"collection":[{"href":"https:\/\/www.pcnen.com\/portal\/wp-json\/wp\/v2\/posts"}],"about":[{"href":"https:\/\/www.pcnen.com\/portal\/wp-json\/wp\/v2\/types\/post"}],"author":[{"embeddable":true,"href":"https:\/\/www.pcnen.com\/portal\/wp-json\/wp\/v2\/users\/1"}],"replies":[{"embeddable":true,"href":"https:\/\/www.pcnen.com\/portal\/wp-json\/wp\/v2\/comments?post=402437"}],"version-history":[{"count":1,"href":"https:\/\/www.pcnen.com\/portal\/wp-json\/wp\/v2\/posts\/402437\/revisions"}],"predecessor-version":[{"id":402440,"href":"https:\/\/www.pcnen.com\/portal\/wp-json\/wp\/v2\/posts\/402437\/revisions\/402440"}],"wp:featuredmedia":[{"embeddable":true,"href":"https:\/\/www.pcnen.com\/portal\/wp-json\/wp\/v2\/media\/286049"}],"wp:attachment":[{"href":"https:\/\/www.pcnen.com\/portal\/wp-json\/wp\/v2\/media?parent=402437"}],"wp:term":[{"taxonomy":"category","embeddable":true,"href":"https:\/\/www.pcnen.com\/portal\/wp-json\/wp\/v2\/categories?post=402437"},{"taxonomy":"post_tag","embeddable":true,"href":"https:\/\/www.pcnen.com\/portal\/wp-json\/wp\/v2\/tags?post=402437"}],"curies":[{"name":"wp","href":"https:\/\/api.w.org\/{rel}","templated":true}]}}