{"id":402420,"date":"2024-05-21T21:45:05","date_gmt":"2024-05-21T19:45:05","guid":{"rendered":"https:\/\/www.pcnen.com\/portal\/?p=402420"},"modified":"2024-05-21T21:46:43","modified_gmt":"2024-05-21T19:46:43","slug":"vucic-srbija-ce-biti-kosponzor-rezolucije-o-genocidu-nad-rusimake-rezolucije-o-genocidu-rusima","status":"publish","type":"post","link":"https:\/\/www.pcnen.com\/portal\/2024\/05\/21\/vucic-srbija-ce-biti-kosponzor-rezolucije-o-genocidu-nad-rusimake-rezolucije-o-genocidu-rusima\/","title":{"rendered":"Vu\u010di\u0107: Srbija \u0107e biti kosponzor rezolucije o genocidu nad Rusima"},"content":{"rendered":"<p>Predsjednik Srbije Aleksandar Vu\u010di\u0107 je rekao da \u0107e Rusi u UN i\u0107i sa rezolucijom o genocidu nad sovjetskim narodom, a da \u0107e Srbija biti njen kosponzor, te naveo da predlo\u017eena rezolucija o Srebrenici otvorila &#8220;Pandorinu kutiju&#8221;.<\/p>\n<p>&#8220;Rusi \u0107e i\u0107i sa rezolucijom o genocidu nad sovjetskim narodom, \u010dujem i da Belorusi imaju svoje ideje, ali vide\u0107emo da li \u0107e i\u0107i sa jednom ili dve rezolucije&#8230; Mi \u0107emo svima biti kosponzori&#8221;, rekao je Vu\u010di\u0107 za RTS.<\/p>\n<p>On je dodao da istina mora da se sazna ko je sve \u010dinio genocide i kad ih je \u010dinio.<\/p>\n<p>&#8220;Mi nismo \u017eeleli da idemo u pro\u0161lost, ali su nas vratili 29 godina, pa \u0107emo mi sad neke da vra\u0107amo 70-80 godina u pro\u0161lost&#8221;, rekao je Vu\u010di\u0107.<\/p>\n","protected":false},"excerpt":{"rendered":"<p>Predsjednik Srbije Aleksandar Vu\u010di\u0107 je rekao da \u0107e Rusi u UN i\u0107i sa rezolucijom o genocidu nad sovjetskim narodom, a da \u0107e Srbija biti njen kosponzor, te naveo da predlo\u017eena rezolucija o Srebrenici otvorila &#8220;Pandorinu kutiju&#8221;.<\/p>\n","protected":false},"author":1,"featured_media":341574,"comment_status":"open","ping_status":"closed","sticky":false,"template":"","format":"standard","meta":{"_seopress_robots_primary_cat":"none","_seopress_titles_title":"","_seopress_titles_desc":"","_seopress_robots_index":"","_et_pb_use_builder":"","_et_pb_old_content":"","_et_gb_content_width":"","inline_featured_image":false,"footnotes":""},"categories":[14],"tags":[],"class_list":["post-402420","post","type-post","status-publish","format-standard","has-post-thumbnail","hentry","category-vijesti"],"_links":{"self":[{"href":"https:\/\/www.pcnen.com\/portal\/wp-json\/wp\/v2\/posts\/402420","targetHints":{"allow":["GET"]}}],"collection":[{"href":"https:\/\/www.pcnen.com\/portal\/wp-json\/wp\/v2\/posts"}],"about":[{"href":"https:\/\/www.pcnen.com\/portal\/wp-json\/wp\/v2\/types\/post"}],"author":[{"embeddable":true,"href":"https:\/\/www.pcnen.com\/portal\/wp-json\/wp\/v2\/users\/1"}],"replies":[{"embeddable":true,"href":"https:\/\/www.pcnen.com\/portal\/wp-json\/wp\/v2\/comments?post=402420"}],"version-history":[{"count":3,"href":"https:\/\/www.pcnen.com\/portal\/wp-json\/wp\/v2\/posts\/402420\/revisions"}],"predecessor-version":[{"id":402425,"href":"https:\/\/www.pcnen.com\/portal\/wp-json\/wp\/v2\/posts\/402420\/revisions\/402425"}],"wp:featuredmedia":[{"embeddable":true,"href":"https:\/\/www.pcnen.com\/portal\/wp-json\/wp\/v2\/media\/341574"}],"wp:attachment":[{"href":"https:\/\/www.pcnen.com\/portal\/wp-json\/wp\/v2\/media?parent=402420"}],"wp:term":[{"taxonomy":"category","embeddable":true,"href":"https:\/\/www.pcnen.com\/portal\/wp-json\/wp\/v2\/categories?post=402420"},{"taxonomy":"post_tag","embeddable":true,"href":"https:\/\/www.pcnen.com\/portal\/wp-json\/wp\/v2\/tags?post=402420"}],"curies":[{"name":"wp","href":"https:\/\/api.w.org\/{rel}","templated":true}]}}