{"id":402412,"date":"2024-05-21T20:44:10","date_gmt":"2024-05-21T18:44:10","guid":{"rendered":"https:\/\/www.pcnen.com\/portal\/?p=402412"},"modified":"2024-05-21T20:44:10","modified_gmt":"2024-05-21T18:44:10","slug":"vucic-u-njujorku-vrlo-prljavu-ulogu-su-odigrali-crnogorski-amandmani","status":"publish","type":"post","link":"https:\/\/www.pcnen.com\/portal\/2024\/05\/21\/vucic-u-njujorku-vrlo-prljavu-ulogu-su-odigrali-crnogorski-amandmani\/","title":{"rendered":"Vu\u010di\u0107 u Njujorku: Vrlo prljavu ulogu su odigrali crnogorski amandmani"},"content":{"rendered":"<p>Predsjednik Srbije Aleksandar Vu\u010di\u0107 izjavio je danas u Njujorku uo\u010di glasanja u Generalnoj skup\u0161tini Ujedinjenih nacija (UN) o rezoluciji o Srebrenici da je Crna Gora odigrala &#8220;prljavu ulogu&#8221; svojim amandmanima i da je pokretanje te inicijative napravilo razdor u regionu.<\/p>\n<p>&#8220;Vrlo prljavu ulogu su odigrali crnogorski amandmani, ali tu nije kriva Crna Gora ona je samo ne\u010diji potr\u010dko jer je to ra\u0111eno po ne\u010dijem nalogu&#8221;, kazao je Vu\u010di\u0107 medijima iz Sjedinjenih Ameri\u010dkih Dr\u017eava (SAD) dodaju\u0107i da \u0107e biti razo\u010daravaju\u0107ih vijesti po pitanju jo\u0161 nekih dr\u017eava.<\/p>\n<p>On je dodao da vjeruje da \u0107e mnogi koji \u0107e u \u010detvrtak glasati za rezoluciju da se kasnije pravdaju da to rade za dobro Srbije i da \u0107e dati obrazlo\u017eenje i ponavljati da ona ne ozna\u010dava kolektivnu krivicu srpskog naroda.<\/p>\n<p>&#8220;Dobili smo podatke, bi\u0107e razo\u010daravaju\u0107ih vijesti po pitanju stava nekih dr\u017eava od kojih nismo o\u010dekivali da nam zabiju no\u017e u le\u0111a. O\u010dekivali smo pritiske i promjene stavova. Bi\u0107e i onih koji su spremni da se bore za istinu i izdr\u017ee pritiske do kraja. Neki \u0107e \u0107utati i na kraju \u0107e se prikloniti onima koji su veliki i jaki&#8221;, kazao je predsjednik Srbije.<\/p>\n<p>Vu\u010di\u0107 je rekao da je ironi\u010dno i paradoksalno \u0161to \u0107e Njema\u010dka jedina imati uvodnu rije\u010d na sednici Generalne skup\u0161tine UN u \u010detvrtak na kojoj \u0107e tra\u017eiti podr\u0161ku za predlog rezolucije o Srebrenici.<\/p>\n<p>&#8220;Kako poslije Prvog i Drugog svjetskog rata da nam Njema\u010dka sudi uvodnim obra\u0107anjem? Ali ja \u0107u biti tu da odgovorim, iako \u0107e to za mene biti te\u0161ko u smislu ostajanja poslije toga na vlasti&#8221;, kazao je Vu\u010di\u0107.<\/p>\n<p>Vu\u010di\u0107 je naveo da preispituje razloge za\u0161to se eventualno donosi rezolucija, koja je namjera onih koji su je pokrenuli i koje su to dr\u017eave koje je podnose te da je zaklju\u010dio da je rezolucija u stvari politi\u010dko pitanje.<\/p>\n<p>&#8220;Za\u0161to u ovom trenutku donose rezoluciju. Ho\u0107e li to ujediniti bilo koga, ljude u BiH i u regionu. Ne, ni\u0161ta nije vi\u0161e podijelilo region od ovoga. Nisu mogli goru odluku da donesu ni Njemci, ni ovi u Sarajevu. \u0160ta \u017eele da postignu time. \u0160ta \u0107ete raditi sjutra, po\u0161to ste otvorili pandorinu kutiju&#8221;, ponovio je on, prenosi Beta.<\/p>\n<p>Najavio je da \u0107e se ve\u010deras sastati sa predstavnicima Rusije i Kine pri Ujedinjenim nacijama i da je uveren da \u0107e Kina, kao veliki prijatelj, glasati protiv.<\/p>\n<p>Vu\u010di\u0107 od ponedjeljka u Njujorku nastavlja kontakte uo\u010di glasanja u \u010detvrtak, 23. maja, u Generalnoj skup\u0161tini UN o predlogu za dono\u0161enje rezolucije UN o Me\u0111unarodnom danu promi\u0161ljanja i sje\u0107anja na genocid u Srebrenici.<\/p>\n<p>On se ranije danas sastao sa stalnim predstavnicima Ujedinjenih Arapskih Emirata (UAE) u Ujedinjenim nacijama Muhamedom Abu\u0161ahabom, zatim sa predstavnicima Ugande, Svete Lucije, Sent Vinsenta i Grenadina.<\/p>\n<p>Nacrt Rezolucije o Me\u0111unarodnom danu promi\u0161ljanja i sje\u0107anja na genocid u Srebrenici uvr\u0161\u0107en je u dnevni red 82. Plenarne sednice GS UN pod ta\u010dkom Kultura mira. Rezoluciju, kojom se osu\u0111uju negiranje genocida i veli\u010danje ratnih zlo\u010dinaca, predlo\u017eile su Nema\u010dka i Ruanda, a me\u0111u sponzorima je vi\u0161e od 30 dr\u017eava, uklju\u010duju\u0107i zemlje Kvinte.<\/p>\n<blockquote class=\"wp-embedded-content\" data-secret=\"8M1chKqaUm\"><p><a href=\"https:\/\/www.pcnen.com\/portal\/2024\/05\/19\/vucic-amandmani-cg-su-odvratna-igra-i-perfidan-trik\/\">Vu\u010di\u0107: Amandmani CG su odvratna igra i perfidan trik<\/a><\/p><\/blockquote>\n<p><iframe loading=\"lazy\" class=\"wp-embedded-content\" sandbox=\"allow-scripts\" security=\"restricted\" style=\"position: absolute; clip: rect(1px, 1px, 1px, 1px);\" title=\"&#8220;Vu\u010di\u0107: Amandmani CG su odvratna igra i perfidan trik&#8221; &#8212; PCNEN\" src=\"https:\/\/www.pcnen.com\/portal\/2024\/05\/19\/vucic-amandmani-cg-su-odvratna-igra-i-perfidan-trik\/embed\/#?secret=bfiNpWfpoE#?secret=8M1chKqaUm\" data-secret=\"8M1chKqaUm\" width=\"600\" height=\"338\" frameborder=\"0\" marginwidth=\"0\" marginheight=\"0\" scrolling=\"no\"><\/iframe><\/p>\n","protected":false},"excerpt":{"rendered":"<p>\u00a0Predsjednik Srbije Aleksandar Vu\u010di\u0107 izjavio je danas u Njujorku uo\u010di glasanja u Generalnoj skup\u0161tini Ujedinjenih nacija (UN) o rezoluciji o Srebrenici da je Crna Gora odigrala &#8220;prljavu ulogu&#8221; svojim amandmanima i da je pokretanje te inicijative napravilo razdor u regionu.<\/p>\n","protected":false},"author":1,"featured_media":351137,"comment_status":"open","ping_status":"closed","sticky":false,"template":"","format":"standard","meta":{"_seopress_robots_primary_cat":"none","_seopress_titles_title":"","_seopress_titles_desc":"","_seopress_robots_index":"","_et_pb_use_builder":"","_et_pb_old_content":"","_et_gb_content_width":"","inline_featured_image":false,"footnotes":""},"categories":[14],"tags":[],"class_list":["post-402412","post","type-post","status-publish","format-standard","has-post-thumbnail","hentry","category-vijesti"],"_links":{"self":[{"href":"https:\/\/www.pcnen.com\/portal\/wp-json\/wp\/v2\/posts\/402412","targetHints":{"allow":["GET"]}}],"collection":[{"href":"https:\/\/www.pcnen.com\/portal\/wp-json\/wp\/v2\/posts"}],"about":[{"href":"https:\/\/www.pcnen.com\/portal\/wp-json\/wp\/v2\/types\/post"}],"author":[{"embeddable":true,"href":"https:\/\/www.pcnen.com\/portal\/wp-json\/wp\/v2\/users\/1"}],"replies":[{"embeddable":true,"href":"https:\/\/www.pcnen.com\/portal\/wp-json\/wp\/v2\/comments?post=402412"}],"version-history":[{"count":1,"href":"https:\/\/www.pcnen.com\/portal\/wp-json\/wp\/v2\/posts\/402412\/revisions"}],"predecessor-version":[{"id":402415,"href":"https:\/\/www.pcnen.com\/portal\/wp-json\/wp\/v2\/posts\/402412\/revisions\/402415"}],"wp:featuredmedia":[{"embeddable":true,"href":"https:\/\/www.pcnen.com\/portal\/wp-json\/wp\/v2\/media\/351137"}],"wp:attachment":[{"href":"https:\/\/www.pcnen.com\/portal\/wp-json\/wp\/v2\/media?parent=402412"}],"wp:term":[{"taxonomy":"category","embeddable":true,"href":"https:\/\/www.pcnen.com\/portal\/wp-json\/wp\/v2\/categories?post=402412"},{"taxonomy":"post_tag","embeddable":true,"href":"https:\/\/www.pcnen.com\/portal\/wp-json\/wp\/v2\/tags?post=402412"}],"curies":[{"name":"wp","href":"https:\/\/api.w.org\/{rel}","templated":true}]}}