{"id":402394,"date":"2024-05-21T18:02:48","date_gmt":"2024-05-21T16:02:48","guid":{"rendered":"https:\/\/www.pcnen.com\/portal\/?p=402394"},"modified":"2024-05-21T18:02:48","modified_gmt":"2024-05-21T16:02:48","slug":"dw-spanija-i-irska-vode-ofanzivu-za-priznanje-palestine","status":"publish","type":"post","link":"https:\/\/www.pcnen.com\/portal\/2024\/05\/21\/dw-spanija-i-irska-vode-ofanzivu-za-priznanje-palestine\/","title":{"rendered":"DW: \u0160panija i Irska vode ofanzivu za priznanje Palestine"},"content":{"rendered":"<p>\u0160panija i Irska \u017eele dodatno da pove\u0107aju pritisak priznavanjem Palestine. \u0160panski premijer Pedro San\u010dez, prema poslednjim najavama, sjutra (22. maj) namjerava da saop\u0161ti datum kada \u0107e Madrid priznati Palestinu.<\/p>\n<p>San\u010dez je vodio brojne razgovore s evropskim partnerima o tome posljednjih mjeseci. Izvori ka\u017eu da je pitanje pokretao najprije na nivou Evropske unije.<\/p>\n<p>Zbog odbijanja Njema\u010dke i drugih dr\u017eava, on je umesto toga formirao svojevrsnu koaliciju voljnih u kojoj su Irska, Slovenija i druge dr\u017eave, pi\u0161e DW.<\/p>\n<p>Irska je tako\u0111e glasno podr\u017eavala Palestince od prvih dana sada\u0161njeg rata u Gazi. Prema poslednjim najavama, vlasti u Dablinu jo\u0161 tokom maja namjeravaju da priznaju Palestinu.<\/p>\n<p>Kada je sredinom aprila inaugurisan novi premijer Sajmon Haris, \u0161panski premijer San\u010dez je bio njegov prvi dr\u017eavni gost u Dablinu. O\u010dito se pri\u010dalo o zajedni\u010dkom nastupu prema palestinskom pitanju.<\/p>\n<p>Irska vlada se hvali da je zagovarala dvodr\u017eavno re\u0161enje s potpuno suverenom palestinskom dr\u017eavom jo\u0161 od 1980, du\u017ee od bilo koje druge zemlje EU.<\/p>\n","protected":false},"excerpt":{"rendered":"<p>\u0160panija i Irska \u017eele dodatno da pove\u0107aju pritisak priznavanjem Palestine. \u0160panski premijer Pedro San\u010dez, prema poslednjim najavama, sjutra (22. maj) namjerava da saop\u0161ti datum kada \u0107e Madrid priznati Palestinu<\/p>\n","protected":false},"author":1,"featured_media":382763,"comment_status":"open","ping_status":"closed","sticky":false,"template":"","format":"standard","meta":{"_seopress_robots_primary_cat":"none","_seopress_titles_title":"","_seopress_titles_desc":"","_seopress_robots_index":"","_et_pb_use_builder":"","_et_pb_old_content":"","_et_gb_content_width":"","inline_featured_image":false,"footnotes":""},"categories":[14],"tags":[],"class_list":["post-402394","post","type-post","status-publish","format-standard","has-post-thumbnail","hentry","category-vijesti"],"_links":{"self":[{"href":"https:\/\/www.pcnen.com\/portal\/wp-json\/wp\/v2\/posts\/402394","targetHints":{"allow":["GET"]}}],"collection":[{"href":"https:\/\/www.pcnen.com\/portal\/wp-json\/wp\/v2\/posts"}],"about":[{"href":"https:\/\/www.pcnen.com\/portal\/wp-json\/wp\/v2\/types\/post"}],"author":[{"embeddable":true,"href":"https:\/\/www.pcnen.com\/portal\/wp-json\/wp\/v2\/users\/1"}],"replies":[{"embeddable":true,"href":"https:\/\/www.pcnen.com\/portal\/wp-json\/wp\/v2\/comments?post=402394"}],"version-history":[{"count":1,"href":"https:\/\/www.pcnen.com\/portal\/wp-json\/wp\/v2\/posts\/402394\/revisions"}],"predecessor-version":[{"id":402397,"href":"https:\/\/www.pcnen.com\/portal\/wp-json\/wp\/v2\/posts\/402394\/revisions\/402397"}],"wp:featuredmedia":[{"embeddable":true,"href":"https:\/\/www.pcnen.com\/portal\/wp-json\/wp\/v2\/media\/382763"}],"wp:attachment":[{"href":"https:\/\/www.pcnen.com\/portal\/wp-json\/wp\/v2\/media?parent=402394"}],"wp:term":[{"taxonomy":"category","embeddable":true,"href":"https:\/\/www.pcnen.com\/portal\/wp-json\/wp\/v2\/categories?post=402394"},{"taxonomy":"post_tag","embeddable":true,"href":"https:\/\/www.pcnen.com\/portal\/wp-json\/wp\/v2\/tags?post=402394"}],"curies":[{"name":"wp","href":"https:\/\/api.w.org\/{rel}","templated":true}]}}