{"id":402358,"date":"2024-05-21T09:27:25","date_gmt":"2024-05-21T07:27:25","guid":{"rendered":"https:\/\/www.pcnen.com\/portal\/?p=402358"},"modified":"2024-05-21T09:27:25","modified_gmt":"2024-05-21T07:27:25","slug":"kurtiju-zapad-vise-ne-vjeruje","status":"publish","type":"post","link":"https:\/\/www.pcnen.com\/portal\/2024\/05\/21\/kurtiju-zapad-vise-ne-vjeruje\/","title":{"rendered":"Kurtiju Zapad vi\u0161e ne vjeruje"},"content":{"rendered":"<p>Kosovo \u0107e i dalje \u010dekati na prijem u Savjet Evrope. Kako ocjenjuje Noje cirher cajtung, Zapad time vr\u0161i pritisak na Kurtija koji je izigrao povjerenje partnera, prenosi DW.<\/p>\n<p>&#8220;Ova epizoda je primjer za gubitak zapadnog povjerenja u Pri\u0161tinu\u201c, ocjenjuje \u0161vajcarski Noje cirher cajtung (NZZ) u \u010dlanku o tome kako je za sada propao prijem Kosova u Savjet Evrope.<\/p>\n<p>Navodi se da je dugo djelovalo kako je vra\u0107anje zemlje manastiru De\u010dani bilo poslednji uslov. Ali onda su zapadne zemlje \u2013 Njema\u010dka, Francuska, Italija \u2013 podsjetile Kosovo na formiranje Zajednice srpskih op\u0161tina.<\/p>\n<p>Pro\u0161le sedmice je Pri\u0161tina navodno popustila u poslednjem trenu, i obe\u0107ala da \u0107e poslati sopstveni nacrt statuta ZSO na proveru Ustavnom sudu u Pri\u0161tini.<\/p>\n<p>No, ambasade zapadnih zemalja odgovorile su da to nije dovoljno \u2013 tra\u017ee se konkretni koraci u osnivanju ZSO koja je dogovorena prije punih jedanaest godina.<\/p>\n<p>U zapadnim ministarstvima spoljnih poslova, pi\u0161e NZZ, \u201eubije\u0111eni su da se Aljbin Kurti mrda samo pod velikim pritiskom\u201c.<\/p>\n<p>\u201eZajednica op\u0161tina zapravo nema nikakve veze sa Savjetom Evrope, ona je predmet pregovora Kosova i Srbije. Tu Zapad po svaku cijenu \u017eeli napredak. Kurti, pak, nema povjerenja u taj proces i umjesto toga poku\u0161ava da drskim soliranjem dovede Srbiju pred svr\u0161en \u010din\u201c, pi\u0161e ciri\u0161ki list.<\/p>\n<p>U to spada, dodaje NZZ, ukidanje srpskog dinara ili nedavna zabrana patrijarhu Porfiriju da u\u0111e na Kosovo.<\/p>\n<p>\u201eTime Kurti ne minira samo Beograd, ve\u0107 redovno i zapadne saveznike koji, naposljetku, u vidu KFOR-a garantuju bezbjednost zemlje. Po\u010detkom godine je svoju frustraciju time posebno jasno izrazio Va\u0161ington\u201c, dodaje ugledni \u0161vajcarski list, <a href=\"https:\/\/www.dw.com\/sr\/nzz-kurtiju-se-vi%C5%A1e-ne-veruje\/a-69135633\" target=\"_blank\" rel=\"noopener\">prenosi<\/a> DW.<\/p>\n","protected":false},"excerpt":{"rendered":"<p>Kosovo \u0107e i dalje \u010dekati na prijem u Savjet Evrope. Kako ocjenjuje Noje cirher cajtung, Zapad time vr\u0161i pritisak na Kurtija koji je izigrao povjerenje partnera, prenosi DW<\/p>\n","protected":false},"author":1,"featured_media":332317,"comment_status":"open","ping_status":"closed","sticky":false,"template":"","format":"standard","meta":{"_seopress_robots_primary_cat":"none","_seopress_titles_title":"","_seopress_titles_desc":"","_seopress_robots_index":"","_et_pb_use_builder":"","_et_pb_old_content":"","_et_gb_content_width":"","inline_featured_image":false,"footnotes":""},"categories":[14],"tags":[],"class_list":["post-402358","post","type-post","status-publish","format-standard","has-post-thumbnail","hentry","category-vijesti"],"_links":{"self":[{"href":"https:\/\/www.pcnen.com\/portal\/wp-json\/wp\/v2\/posts\/402358","targetHints":{"allow":["GET"]}}],"collection":[{"href":"https:\/\/www.pcnen.com\/portal\/wp-json\/wp\/v2\/posts"}],"about":[{"href":"https:\/\/www.pcnen.com\/portal\/wp-json\/wp\/v2\/types\/post"}],"author":[{"embeddable":true,"href":"https:\/\/www.pcnen.com\/portal\/wp-json\/wp\/v2\/users\/1"}],"replies":[{"embeddable":true,"href":"https:\/\/www.pcnen.com\/portal\/wp-json\/wp\/v2\/comments?post=402358"}],"version-history":[{"count":1,"href":"https:\/\/www.pcnen.com\/portal\/wp-json\/wp\/v2\/posts\/402358\/revisions"}],"predecessor-version":[{"id":402361,"href":"https:\/\/www.pcnen.com\/portal\/wp-json\/wp\/v2\/posts\/402358\/revisions\/402361"}],"wp:featuredmedia":[{"embeddable":true,"href":"https:\/\/www.pcnen.com\/portal\/wp-json\/wp\/v2\/media\/332317"}],"wp:attachment":[{"href":"https:\/\/www.pcnen.com\/portal\/wp-json\/wp\/v2\/media?parent=402358"}],"wp:term":[{"taxonomy":"category","embeddable":true,"href":"https:\/\/www.pcnen.com\/portal\/wp-json\/wp\/v2\/categories?post=402358"},{"taxonomy":"post_tag","embeddable":true,"href":"https:\/\/www.pcnen.com\/portal\/wp-json\/wp\/v2\/tags?post=402358"}],"curies":[{"name":"wp","href":"https:\/\/api.w.org\/{rel}","templated":true}]}}