{"id":402349,"date":"2024-05-21T09:05:41","date_gmt":"2024-05-21T07:05:41","guid":{"rendered":"https:\/\/www.pcnen.com\/portal\/?p=402349"},"modified":"2024-05-21T09:05:41","modified_gmt":"2024-05-21T07:05:41","slug":"bajden-ono-sto-se-dogadja-u-gazi-nije-genocid","status":"publish","type":"post","link":"https:\/\/www.pcnen.com\/portal\/2024\/05\/21\/bajden-ono-sto-se-dogadja-u-gazi-nije-genocid\/","title":{"rendered":"Bajden: Ono \u0161to se doga\u0111a u Gazi nije genocid"},"content":{"rendered":"<p>Predsjednik SAD D\u017eo Bajden je stao u odbranu Izraela od optu\u017ebi za ratne zlo\u010dine pred najvi\u0161im svjetskim sudovima.<\/p>\n<p>Bajdenove primjedbe uslijedile su nakon \u0161to je Karim Kan, glavni tu\u017eilac Me\u0111unarodnog krivi\u010dnog suda (ICC), rekao da tra\u017ei naloge za hap\u0161enje izraelskog premijera Benjamina Netanjahua i ministra odbrane Joava Galanta zbog navodnih ratnih zlo\u010dina po\u010dinjenih tokom rata u Gazi.<\/p>\n<p>\u201cDa budem jasan, odbacujemo zahtjev ICC-a za naloge za hap\u0161enje izraelskih \u010delnika\u201d, rekao je Bajden na doga\u0111aju mjeseca jevrejsko-ameri\u010dke ba\u0161tine u Bijeloj ku\u0107i u ponedjeljak, istog dana kada je Kan objavio da podnosi zahtjev za hap\u0161enje Netanjahua i Galanta, kao i vo\u0111e Hamasa zbog navodnih ratnih zlo\u010dina, prenosi Al D\u017eazira.<\/p>\n<p>\u201cNema jednakosti izme\u0111u Izraela i Hamasa\u201d, dodao je Bajden, koji je nekoliko sati ranije objavio o\u0161tru izjavu u kojoj je rekao da je potez ICC-a \u201cne\u010duven\u201d.<\/p>\n<p>Izrael se tako\u0111e suo\u010dava i sa slu\u010dajem o navodnom genocidu pred Me\u0111unarodnim sudom pravde (ICJ), koji je pokrenula Ju\u017enoafri\u010dka Republika.<\/p>\n<p>Bajden je rekao da Izrael ne vr\u0161i genocid u Gazi.<\/p>\n<p>\u201cSuprotno optu\u017ebama protiv Izraela koje je iznio Me\u0111unarodni sud pravde (ICJ), ono \u0161to se doga\u0111a u Gazi nije genocid. Mi to odbacujemo\u201d, rekao je Bajden u govoru.<\/p>\n<p>&nbsp;<\/p>\n","protected":false},"excerpt":{"rendered":"<p>Predsjednik SAD D\u017eo Bajden je stao u odbranu Izraela od optu\u017ebi za ratne zlo\u010dine pred najvi\u0161im svjetskim sudovima<\/p>\n","protected":false},"author":1,"featured_media":306831,"comment_status":"open","ping_status":"closed","sticky":false,"template":"","format":"standard","meta":{"_seopress_robots_primary_cat":"none","_seopress_titles_title":"","_seopress_titles_desc":"","_seopress_robots_index":"","_et_pb_use_builder":"","_et_pb_old_content":"","_et_gb_content_width":"","inline_featured_image":false,"footnotes":""},"categories":[14],"tags":[],"class_list":["post-402349","post","type-post","status-publish","format-standard","has-post-thumbnail","hentry","category-vijesti"],"_links":{"self":[{"href":"https:\/\/www.pcnen.com\/portal\/wp-json\/wp\/v2\/posts\/402349","targetHints":{"allow":["GET"]}}],"collection":[{"href":"https:\/\/www.pcnen.com\/portal\/wp-json\/wp\/v2\/posts"}],"about":[{"href":"https:\/\/www.pcnen.com\/portal\/wp-json\/wp\/v2\/types\/post"}],"author":[{"embeddable":true,"href":"https:\/\/www.pcnen.com\/portal\/wp-json\/wp\/v2\/users\/1"}],"replies":[{"embeddable":true,"href":"https:\/\/www.pcnen.com\/portal\/wp-json\/wp\/v2\/comments?post=402349"}],"version-history":[{"count":1,"href":"https:\/\/www.pcnen.com\/portal\/wp-json\/wp\/v2\/posts\/402349\/revisions"}],"predecessor-version":[{"id":402352,"href":"https:\/\/www.pcnen.com\/portal\/wp-json\/wp\/v2\/posts\/402349\/revisions\/402352"}],"wp:featuredmedia":[{"embeddable":true,"href":"https:\/\/www.pcnen.com\/portal\/wp-json\/wp\/v2\/media\/306831"}],"wp:attachment":[{"href":"https:\/\/www.pcnen.com\/portal\/wp-json\/wp\/v2\/media?parent=402349"}],"wp:term":[{"taxonomy":"category","embeddable":true,"href":"https:\/\/www.pcnen.com\/portal\/wp-json\/wp\/v2\/categories?post=402349"},{"taxonomy":"post_tag","embeddable":true,"href":"https:\/\/www.pcnen.com\/portal\/wp-json\/wp\/v2\/tags?post=402349"}],"curies":[{"name":"wp","href":"https:\/\/api.w.org\/{rel}","templated":true}]}}