{"id":402323,"date":"2024-05-20T20:38:51","date_gmt":"2024-05-20T18:38:51","guid":{"rendered":"https:\/\/www.pcnen.com\/portal\/?p=402323"},"modified":"2024-05-20T20:39:24","modified_gmt":"2024-05-20T18:39:24","slug":"veljovic-prebacen-u-kccg","status":"publish","type":"post","link":"https:\/\/www.pcnen.com\/portal\/2024\/05\/20\/veljovic-prebacen-u-kccg\/","title":{"rendered":"Veljovi\u0107 preba\u010den u KCCG"},"content":{"rendered":"<p>Biv\u0161i direktor Uprave policije Veselin Veljovi\u0107 prevezen je u Klini\u010dki centar Crne Gore i njegovo zdravstveno stanje je ugro\u017eeno, potvrdio je za RTCG njegov advokat Mihailo Volkov.<\/p>\n<p>Volkov je kazao da su na Veljovi\u0107evo lo\u0161e zdravstveno stanje ukazivali prethodnih mjeseci.<\/p>\n<p>&#8220;Smje\u0161ten je na KBC i njegovo zdravstveno stanje je ozbiljno ugro\u017eeno, a na \u0161ta smo ukazivali prethodnih mjeseci&#8221;, rekao nam je Volkov.<\/p>\n<p>Veljovi\u0107 je uhap\u0161en je 24. jula 2023. godine.<\/p>\n<p>On se tereti da je 2020. godine postao pripadnik kriminalne organizacije koju je 2018. godine formirao Aleksandar Mrki\u0107 radi \u0161verca cigareta i pranja para.<\/p>\n<p>Veljovi\u0107 se konkretno tereti da je 25. decembra 2020. godine Mrki\u0107u dojavio da \u0107e policija pretresti prostorije koje koristi pripadnik njegove kriminalne organizacije Mujo Niko\u010devi\u0107.<\/p>\n<p><a href=\"https:\/\/www.pcnen.com\/portal\/?s=Veljovi%C4%87\" target=\"_blank\" rel=\"noopener\">VEZANE VIJESTI<\/a><\/p>\n","protected":false},"excerpt":{"rendered":"<p>Biv\u0161i direktor Uprave policije Veselin Veljovi\u0107 prevezen je u Klini\u010dki centar Crne Gore i njegovo zdravstveno stanje je ugro\u017eeno, potvrdio je za RTCG njegov advokat Mihailo Volkov<\/p>\n","protected":false},"author":1,"featured_media":293620,"comment_status":"open","ping_status":"closed","sticky":false,"template":"","format":"standard","meta":{"_seopress_robots_primary_cat":"none","_seopress_titles_title":"","_seopress_titles_desc":"","_seopress_robots_index":"","_et_pb_use_builder":"","_et_pb_old_content":"","_et_gb_content_width":"","inline_featured_image":false,"footnotes":""},"categories":[14],"tags":[],"class_list":["post-402323","post","type-post","status-publish","format-standard","has-post-thumbnail","hentry","category-vijesti"],"_links":{"self":[{"href":"https:\/\/www.pcnen.com\/portal\/wp-json\/wp\/v2\/posts\/402323","targetHints":{"allow":["GET"]}}],"collection":[{"href":"https:\/\/www.pcnen.com\/portal\/wp-json\/wp\/v2\/posts"}],"about":[{"href":"https:\/\/www.pcnen.com\/portal\/wp-json\/wp\/v2\/types\/post"}],"author":[{"embeddable":true,"href":"https:\/\/www.pcnen.com\/portal\/wp-json\/wp\/v2\/users\/1"}],"replies":[{"embeddable":true,"href":"https:\/\/www.pcnen.com\/portal\/wp-json\/wp\/v2\/comments?post=402323"}],"version-history":[{"count":2,"href":"https:\/\/www.pcnen.com\/portal\/wp-json\/wp\/v2\/posts\/402323\/revisions"}],"predecessor-version":[{"id":402327,"href":"https:\/\/www.pcnen.com\/portal\/wp-json\/wp\/v2\/posts\/402323\/revisions\/402327"}],"wp:featuredmedia":[{"embeddable":true,"href":"https:\/\/www.pcnen.com\/portal\/wp-json\/wp\/v2\/media\/293620"}],"wp:attachment":[{"href":"https:\/\/www.pcnen.com\/portal\/wp-json\/wp\/v2\/media?parent=402323"}],"wp:term":[{"taxonomy":"category","embeddable":true,"href":"https:\/\/www.pcnen.com\/portal\/wp-json\/wp\/v2\/categories?post=402323"},{"taxonomy":"post_tag","embeddable":true,"href":"https:\/\/www.pcnen.com\/portal\/wp-json\/wp\/v2\/tags?post=402323"}],"curies":[{"name":"wp","href":"https:\/\/api.w.org\/{rel}","templated":true}]}}