{"id":402319,"date":"2024-05-20T16:14:15","date_gmt":"2024-05-20T14:14:15","guid":{"rendered":"https:\/\/www.pcnen.com\/portal\/?p=402319"},"modified":"2024-05-20T16:14:15","modified_gmt":"2024-05-20T14:14:15","slug":"potvrdjena-optuznica-protiv-slavka-stojanovica","status":"publish","type":"post","link":"https:\/\/www.pcnen.com\/portal\/2024\/05\/20\/potvrdjena-optuznica-protiv-slavka-stojanovica\/","title":{"rendered":"Potvr\u0111ena optu\u017enica protiv Slavka Stojanovi\u0107a"},"content":{"rendered":"<p>Vije\u0107e Vi\u0161eg suda u Podgorici je potvrdilo optu\u017enicu koju je Specijalno dr\u017eavno tu\u017eila\u0161tvo podiglo protiv biv\u0161eg direktora uprave policije Slavka Stojanovi\u0107a, za krivi\u010dna djela zloupotreba slu\u017ebenog polo\u017eaja i nedozvoljeno dr\u017eanje oru\u017eja i eksplozivnih materija.<\/p>\n<p>&#8220;Vije\u0107e je utvrdilo da ne postoje gre\u0161ke niti nedostaci u optu\u017enici i da ona sadr\u017ei sve elemente koje mora da sadr\u017ei po zakonu, ali i da ne postoje razlozi za obustavu postupka po osnovu kontrole optu\u017enice i za odbacivanje optu\u017enice, ve\u0107 da iz dokaza prikupljenih u istrazi proizilazi da je okrivljeni osnovano sumnjiv da je izvr\u0161io krivi\u010dna djela koja mu se stavljaju na teret, dok se ni njegov branilac nije protivio potvr\u0111ivanju optu\u017enice&#8221;, navodi se u saop\u0161tenju SDT-a.<\/p>\n<p>On je uhap\u0161en 18. novembra pro\u0161le godine po nalogu Specijalnog dr\u017eavnog tu\u017eila\u0161tva, zbog sumnje da je zloupotrijebio slu\u017ebeni polo\u017eaj u vezi sa \u0161vercom cigareta.<\/p>\n<p>Stojanovi\u0107 je na mjestu direktora Uprave policije bio od 2013. do 2018. godine, a tokom njegovog mandata je u sukobu kriminalnih klanova ubijeno vi\u0161e desetina osoba.<\/p>\n<p>U tom periodu se desilo i razbijanje opozicionog protesta Demokratskog fronta 2015. godine, kada je zabilje\u017eeno vi\u0161e slu\u010dajeva policijske brutalnosti.<\/p>\n<p>Jedna od njih je bila prebijanje Mija Martinovi\u0107a i demoliranje njegovog automobila od strane desetak pripadnika Specijalne antiteroristi\u010dke jedinice (SAJ).<\/p>\n<p>Stojanovi\u0107 je penzionisan 2021.godine, podsje\u0107a RTCG.<\/p>\n<p>Ovo je drugi biv\u0161i direktor policije Crne Gore koji je uhap\u0161en u posljednjih \u0161est mjeseci.<\/p>\n<p>Prethodno je u julu 2023. godine uhap\u0161en Veselin Veljovi\u0107, koji je u pritvoru osumnji\u010den za stvaranje kriminalne organizacije, zloupotrebu slu\u017ebenog polo\u017eaja i krijum\u010darenje.<\/p>\n<p><a href=\"https:\/\/www.pcnen.com\/portal\/?s=Slavka+Stojanovi%C4%87\" target=\"_blank\" rel=\"noopener\">VEZANE VIJESTI<\/a><\/p>\n","protected":false},"excerpt":{"rendered":"<p>\u00a0Vije\u0107e Vi\u0161eg suda u Podgorici je potvrdilo optu\u017enicu koju je Specijalno dr\u017eavno tu\u017eila\u0161tvo podiglo protiv biv\u0161eg direktora uprave policije Slavka Stojanovi\u0107a, za krivi\u010dna djela zloupotreba slu\u017ebenog polo\u017eaja i nedozvoljeno dr\u017eanje oru\u017eja i eksplozivnih materija.<\/p>\n","protected":false},"author":1,"featured_media":199748,"comment_status":"open","ping_status":"closed","sticky":false,"template":"","format":"standard","meta":{"_seopress_robots_primary_cat":"none","_seopress_titles_title":"","_seopress_titles_desc":"","_seopress_robots_index":"","_et_pb_use_builder":"","_et_pb_old_content":"","_et_gb_content_width":"","inline_featured_image":false,"footnotes":""},"categories":[14],"tags":[],"class_list":["post-402319","post","type-post","status-publish","format-standard","has-post-thumbnail","hentry","category-vijesti"],"_links":{"self":[{"href":"https:\/\/www.pcnen.com\/portal\/wp-json\/wp\/v2\/posts\/402319","targetHints":{"allow":["GET"]}}],"collection":[{"href":"https:\/\/www.pcnen.com\/portal\/wp-json\/wp\/v2\/posts"}],"about":[{"href":"https:\/\/www.pcnen.com\/portal\/wp-json\/wp\/v2\/types\/post"}],"author":[{"embeddable":true,"href":"https:\/\/www.pcnen.com\/portal\/wp-json\/wp\/v2\/users\/1"}],"replies":[{"embeddable":true,"href":"https:\/\/www.pcnen.com\/portal\/wp-json\/wp\/v2\/comments?post=402319"}],"version-history":[{"count":1,"href":"https:\/\/www.pcnen.com\/portal\/wp-json\/wp\/v2\/posts\/402319\/revisions"}],"predecessor-version":[{"id":402322,"href":"https:\/\/www.pcnen.com\/portal\/wp-json\/wp\/v2\/posts\/402319\/revisions\/402322"}],"wp:featuredmedia":[{"embeddable":true,"href":"https:\/\/www.pcnen.com\/portal\/wp-json\/wp\/v2\/media\/199748"}],"wp:attachment":[{"href":"https:\/\/www.pcnen.com\/portal\/wp-json\/wp\/v2\/media?parent=402319"}],"wp:term":[{"taxonomy":"category","embeddable":true,"href":"https:\/\/www.pcnen.com\/portal\/wp-json\/wp\/v2\/categories?post=402319"},{"taxonomy":"post_tag","embeddable":true,"href":"https:\/\/www.pcnen.com\/portal\/wp-json\/wp\/v2\/tags?post=402319"}],"curies":[{"name":"wp","href":"https:\/\/api.w.org\/{rel}","templated":true}]}}