{"id":402315,"date":"2024-05-20T14:57:09","date_gmt":"2024-05-20T12:57:09","guid":{"rendered":"https:\/\/www.pcnen.com\/portal\/?p=402315"},"modified":"2024-05-20T14:57:09","modified_gmt":"2024-05-20T12:57:09","slug":"sud-u-londonu-asanzu-odobrio-pravo-na-zalbu-protiv-izrucenja-u-sad","status":"publish","type":"post","link":"https:\/\/www.pcnen.com\/portal\/2024\/05\/20\/sud-u-londonu-asanzu-odobrio-pravo-na-zalbu-protiv-izrucenja-u-sad\/","title":{"rendered":"Sud u Londonu Asan\u017eu odobrio pravo na \u017ealbu protiv izru\u010denja u SAD"},"content":{"rendered":"<p>Vi\u0161i sud u Londonu je danas odobrio osniva\u010du Vikilisa D\u017eulijanu Asan\u017eu pravo na \u017ealbu protiv izru\u010denja u SAD, prenosi Rojters.<\/p>\n<p>Asan\u017e se zbog zdravstvenog stanja danas nije pojavio pred sudom, ali su njegovi advokati poru\u010dili da ne bi trebalo da bude izru\u010den SAD, koja ga sumnji\u010di za masovno curenje tajnih dokumenata, \u0161to bi potencijalno ugrozilo njegovo pravo na slobodu govora.<\/p>\n<p>Dvoje sudija treba da se izjasne da li su zadovoljne uvjeravanjima SAD da Asan\u017e (52) mo\u017ee da se osloni na Prvi amandman ameri\u010dkog Ustava kojim se garantuje sloboda govora dok mu se sudi za \u0161pijuniranje, prenio je Rojters.<\/p>\n<p>Asan\u017eov pravni tim ka\u017ee da bi on mogao biti u avionu za SAD u roku od 24 sata nakon \u0161to sudije donesu odluku, ali i da bi mogao da bude pu\u0161ten iz zatvora, ili da se opet na\u0111e u njemu dok traje pravna bitka, prenosi Tanjug.<\/p>\n<p>Asan\u017eov advokat Edvard Ficd\u017eerald rekao je da sudije ne bi trebalo da prihvate uvjeravanje ameri\u010dkih tu\u017eilaca da bi Asan\u017e mogao da tra\u017ei da se osloni na prava i da dobije za\u0161titu na osnovu Prvog amandmana zbog toga \u0161to ameri\u010dki sud nije obavezan da to po\u0161tuje.<\/p>\n<p>&#8220;Mi ka\u017eemo da je ovo o\u010digledno neadekvatna garancija&#8221;, rekao je Ficd\u017eerald pred sudom.<\/p>\n<p>Na su\u0111enju se pojavila Asan\u017eova supruga Stela sa njegovim bratom i ocem, ali se Asan\u017e nije pojavio iz zdravstvenih razloga, rekao je Ficd\u017eerald.<\/p>\n<p>Demonstranti su se u rano jutros okupili ispred suda u Londonu, dr\u017ee\u0107i transparente i skandirajuc\u0301i &#8220;Sloboda za D\u017eulijana Asan\u017ea&#8221;.<\/p>\n<p>Na jednom transparentu upu\u0107enom ameri\u010dkom predsedniku D\u017eozefu Bajdenu pi\u0161e &#8220;Pusti ga, D\u017eo&#8221;.<\/p>\n<p>Vikiliks je objavio stotine hiljada povjerljivih ameri\u010dkih vojnih dokumenata o ratovima SAD u Avganistanu i Iraku, kao i niz diplomatskih depe\u0161a, zbog \u010dega ameri\u010dko tu\u017eila\u0161tvo Asan\u017ea tereti za kr\u0161enje Zakona o \u0161pijuna\u017ei.<\/p>\n<p>Asan\u017eove brojne pristalice u svijetu ocjenjuju da je tu\u017eba protiv njega napad na novinarstvo i slobodu govora i osveta.<\/p>\n<p>Brojne grupe za ljudska prava, ali i politi\u010dari, me\u0111u kojima je australijski premijer Entoni Albaneze, zatra\u017eili su osloba\u0111anje Asan\u017ea.<\/p>\n<p>D\u017eulijan Asan\u017e je 2006. godine osnovao Vikiliks preko koga je objavljivao povjerljive ili osjetljive informacije.<\/p>\n<p>Vikiliks je 5. aprila 2010. godine objavio video snimak koji pokazuje ameri\u010dki helikopterski napad u kojem su ubijeni civili u Bagdadu, me\u0111u njima i dvojica novinara Rojtersa.<\/p>\n<p>Asan\u017e je preko Vikiliksa 25. jula 2010. godine objavio vi\u0161e od 91.000 dokumenata, uglavnom tajnih ameri\u010dkih vojnih izjve\u0161taja o ratu u Avganistanu.<\/p>\n<p>U oktobru 2010. godine Vikiliks je objavio 400.000 povjerljivih vojnih dosijea koji govore o ratu u Iraku, a sljedec\u0301eg mjeseca i hiljade ameri\u010dkih diplomatskih depe\u0161a, uklju\u010dujuc\u0301i i stavove stranih lidera i procjene bezbjednosnih prijetnji.<\/p>\n<p>Asan\u017e je uhap\u0161en 2010. u Velikoj Britaniji, ali je u februaru 2011. godine pu\u0161ten uz kauciju.<\/p>\n<p>Prekr\u0161ajni sud u Vestminsteru u Londonu naredio je izru\u010denje Asan\u017ea u \u0160vedsku po optu\u017enici za silovanje, ali on se \u017ealio na tu odluku.<\/p>\n<p>Britanski Vrhovni sud odbacio je Asan\u017eovu \u017ealbu, a pet dana kasnije on\u00a0 nalazi uto\u010di\u0161te u ambasadi Ekvadora u Londonu i zatra\u017eio je politi\u010dki azil.<\/p>\n<p>Asan\u017e je uhap\u0161en 11. aprila 2019. godine nakon \u0161to mu je Ekvador ukinuo politi\u010dki azil, a 1. maja je osu\u0111en na 50 nedjelja zatvora od strane britanskog suda zbog kr\u0161enja kaucije.<\/p>\n<blockquote class=\"wp-embedded-content\" data-secret=\"6JPOTClyVp\"><p><a href=\"https:\/\/www.pcnen.com\/portal\/2024\/05\/20\/sjutra-je-dan-odluke-za-dzulijana-asanza\/\">Dan odluke za D\u017eulijana Asan\u017ea<\/a><\/p><\/blockquote>\n<p><iframe loading=\"lazy\" class=\"wp-embedded-content\" sandbox=\"allow-scripts\" security=\"restricted\" style=\"position: absolute; clip: rect(1px, 1px, 1px, 1px);\" title=\"&#8220;Dan odluke za D\u017eulijana Asan\u017ea&#8221; &#8212; PCNEN\" src=\"https:\/\/www.pcnen.com\/portal\/2024\/05\/20\/sjutra-je-dan-odluke-za-dzulijana-asanza\/embed\/#?secret=3KewxLR9QH#?secret=6JPOTClyVp\" data-secret=\"6JPOTClyVp\" width=\"600\" height=\"338\" frameborder=\"0\" marginwidth=\"0\" marginheight=\"0\" scrolling=\"no\"><\/iframe><\/p>\n","protected":false},"excerpt":{"rendered":"<p>\u00a0Vi\u0161i sud u Londonu je danas odobrio osniva\u010du Vikilisa D\u017eulijanu Asan\u017eu pravo na \u017ealbu protiv izru\u010denja u SAD, prenosi Rojters.<\/p>\n","protected":false},"author":1,"featured_media":284430,"comment_status":"open","ping_status":"closed","sticky":false,"template":"","format":"standard","meta":{"_seopress_robots_primary_cat":"none","_seopress_titles_title":"","_seopress_titles_desc":"","_seopress_robots_index":"","_et_pb_use_builder":"","_et_pb_old_content":"","_et_gb_content_width":"","inline_featured_image":false,"footnotes":""},"categories":[14],"tags":[],"class_list":["post-402315","post","type-post","status-publish","format-standard","has-post-thumbnail","hentry","category-vijesti"],"_links":{"self":[{"href":"https:\/\/www.pcnen.com\/portal\/wp-json\/wp\/v2\/posts\/402315","targetHints":{"allow":["GET"]}}],"collection":[{"href":"https:\/\/www.pcnen.com\/portal\/wp-json\/wp\/v2\/posts"}],"about":[{"href":"https:\/\/www.pcnen.com\/portal\/wp-json\/wp\/v2\/types\/post"}],"author":[{"embeddable":true,"href":"https:\/\/www.pcnen.com\/portal\/wp-json\/wp\/v2\/users\/1"}],"replies":[{"embeddable":true,"href":"https:\/\/www.pcnen.com\/portal\/wp-json\/wp\/v2\/comments?post=402315"}],"version-history":[{"count":1,"href":"https:\/\/www.pcnen.com\/portal\/wp-json\/wp\/v2\/posts\/402315\/revisions"}],"predecessor-version":[{"id":402318,"href":"https:\/\/www.pcnen.com\/portal\/wp-json\/wp\/v2\/posts\/402315\/revisions\/402318"}],"wp:featuredmedia":[{"embeddable":true,"href":"https:\/\/www.pcnen.com\/portal\/wp-json\/wp\/v2\/media\/284430"}],"wp:attachment":[{"href":"https:\/\/www.pcnen.com\/portal\/wp-json\/wp\/v2\/media?parent=402315"}],"wp:term":[{"taxonomy":"category","embeddable":true,"href":"https:\/\/www.pcnen.com\/portal\/wp-json\/wp\/v2\/categories?post=402315"},{"taxonomy":"post_tag","embeddable":true,"href":"https:\/\/www.pcnen.com\/portal\/wp-json\/wp\/v2\/tags?post=402315"}],"curies":[{"name":"wp","href":"https:\/\/api.w.org\/{rel}","templated":true}]}}