{"id":402284,"date":"2024-05-20T08:34:46","date_gmt":"2024-05-20T06:34:46","guid":{"rendered":"https:\/\/www.pcnen.com\/portal\/?p=402284"},"modified":"2024-05-20T08:34:46","modified_gmt":"2024-05-20T06:34:46","slug":"grajf-rezolucija-o-srebrenici-opasan-presedan","status":"publish","type":"post","link":"https:\/\/www.pcnen.com\/portal\/2024\/05\/20\/grajf-rezolucija-o-srebrenici-opasan-presedan\/","title":{"rendered":"Grajf: Rezolucija o Srebrenici opasan presedan"},"content":{"rendered":"<p>Izraelski istori\u010dar i stru\u010dnjak za holokaust i ratne zlo\u010dine Gideon Grajf u <a href=\"https:\/\/www.kosovo-online.com\/vesti\/intervjui\/grajf-rezolucija-o-srebrenici-bila-bi-opasan-presedan-duboko-zabrinjavajuci-trend\" target=\"_blank\" rel=\"noopener\">intervjuu<\/a> za Kosovo onlajn, uo\u010di zasijedanja Generalne skup\u0161tine UN o rezoluciji o Srebrenici, je ocijenio\u00a0 da je duboko zabrinjavaju\u0107i trend politizacije istorijskih tragedija i da bi izglasavanje ovog dokumenta bio opasan presedan koji ne bi podstakao na pomirenje i mir, ve\u0107 proizveo posljedice i to ne samo po regionalnu bezbjednost Zapadnog Balkana.<\/p>\n<p>\u201e\u0160tavi\u0161e, otvaranje vrata rezolucijama ove prirode postavlja opasan presedan koji bi zaista mogao dovesti do proliferacije sli\u010dnih rezolucija usmjerenih na razli\u010dite sukobe \u0161irom svijeta. Ovo bi moglo dodatno politizovati istorijske tragedije i ometati napore ka istinskom pomirenju i razumijevanju\u201c, isti\u010de Grajf koji je bio i predsjednik Nezavisne komisije za istra\u017eivanje stradanja svih naroda u Srebreni\u010dkoj regiji u periodu 1992. do 1995. godine.<\/p>\n<p>Na pitanje: zbog \u010dega se insistira na izglasavanju ovakve rezolucije i da li postoji skriveni cilj?, Grajf odgovara ovako:<\/p>\n<p>&#8220;Insistiranje na ozna\u010davanju srpskog naroda kao genocidnog u kontekstu Srebrenice odra\u017eava duboko zabrinjavajuc\u0301i trend politizacije istorijskih tragedija za razli\u010dite agende. Krajnji ili skriveni cilj iza ovakvog insistiranja mo\u017ee varirati, ali \u010desto uklju\u010duje geopoliti\u010dke interese, domac\u0301e politi\u010dke obzire i poku\u0161aje oblikovanja istorijskih narativa za strate\u0161ku prednost. Bitno je prepoznati da su sukobi poput onog u Bosni i Hercegovini bili vi\u0161estruki, uklju\u010divali su vi\u0161e aktera i zlo\u010dine koje su po\u010dinile razli\u010dite strane. Fokusiranjem samo na jedan aspekt i pripisivanjem kolektivne krivice \u010ditavoj etni\u010dkoj grupi, ignori\u0161u se nijanse i slo\u017eenost sukoba, \u0161to na kraju mo\u017ee ometati istinsko pomirenje i napore za izgradnju mira. \u0160tavi\u0161e, takvo insistiranje mo\u017ee da podstakne ogor\u010denost i produbi podjele, odr\u017eavajuc\u0301i cikluse sukoba umjesto da promovi\u0161e razumijevanje i iscjeljenje. Umjesto pripisivanja krivice i produbljivanja pritu\u017ebi, napore treba usmjeriti ka negovanju dijaloga, priznavanju patnje svih \u017ertava i radu ka zajedni\u010dkoj buduc\u0301nosti zasnovanoj na me\u0111usobnom po\u0161tovanju i razumevanju&#8221;.<\/p>\n<p><a href=\"https:\/\/www.pcnen.com\/portal\/?s=rezolucija%2C+srebrenici\" target=\"_blank\" rel=\"noopener\">VEZANE VIJESTI<\/a><\/p>\n","protected":false},"excerpt":{"rendered":"<p>Otvaranje vrata rezolucijama ove prirode postavlja opasan presedan koji bi zaista mogao dovesti do proliferacije sli\u010dnih rezolucija usmjerenih na razli\u010dite sukobe \u0161irom svijeta<\/p>\n","protected":false},"author":1,"featured_media":402287,"comment_status":"open","ping_status":"closed","sticky":false,"template":"","format":"standard","meta":{"_seopress_robots_primary_cat":"none","_seopress_titles_title":"","_seopress_titles_desc":"","_seopress_robots_index":"","_et_pb_use_builder":"","_et_pb_old_content":"","_et_gb_content_width":"","inline_featured_image":false,"footnotes":""},"categories":[14],"tags":[],"class_list":["post-402284","post","type-post","status-publish","format-standard","has-post-thumbnail","hentry","category-vijesti"],"_links":{"self":[{"href":"https:\/\/www.pcnen.com\/portal\/wp-json\/wp\/v2\/posts\/402284","targetHints":{"allow":["GET"]}}],"collection":[{"href":"https:\/\/www.pcnen.com\/portal\/wp-json\/wp\/v2\/posts"}],"about":[{"href":"https:\/\/www.pcnen.com\/portal\/wp-json\/wp\/v2\/types\/post"}],"author":[{"embeddable":true,"href":"https:\/\/www.pcnen.com\/portal\/wp-json\/wp\/v2\/users\/1"}],"replies":[{"embeddable":true,"href":"https:\/\/www.pcnen.com\/portal\/wp-json\/wp\/v2\/comments?post=402284"}],"version-history":[{"count":1,"href":"https:\/\/www.pcnen.com\/portal\/wp-json\/wp\/v2\/posts\/402284\/revisions"}],"predecessor-version":[{"id":402288,"href":"https:\/\/www.pcnen.com\/portal\/wp-json\/wp\/v2\/posts\/402284\/revisions\/402288"}],"wp:featuredmedia":[{"embeddable":true,"href":"https:\/\/www.pcnen.com\/portal\/wp-json\/wp\/v2\/media\/402287"}],"wp:attachment":[{"href":"https:\/\/www.pcnen.com\/portal\/wp-json\/wp\/v2\/media?parent=402284"}],"wp:term":[{"taxonomy":"category","embeddable":true,"href":"https:\/\/www.pcnen.com\/portal\/wp-json\/wp\/v2\/categories?post=402284"},{"taxonomy":"post_tag","embeddable":true,"href":"https:\/\/www.pcnen.com\/portal\/wp-json\/wp\/v2\/tags?post=402284"}],"curies":[{"name":"wp","href":"https:\/\/api.w.org\/{rel}","templated":true}]}}