{"id":402274,"date":"2024-05-20T07:56:50","date_gmt":"2024-05-20T05:56:50","guid":{"rendered":"https:\/\/www.pcnen.com\/portal\/?p=402274"},"modified":"2024-05-20T09:47:04","modified_gmt":"2024-05-20T07:47:04","slug":"iranski-predsjednik-i-ministar-vanjskih-poslova-poginuli-su-u-padu-helikoptera","status":"publish","type":"post","link":"https:\/\/www.pcnen.com\/portal\/2024\/05\/20\/iranski-predsjednik-i-ministar-vanjskih-poslova-poginuli-su-u-padu-helikoptera\/","title":{"rendered":"Iranski predsjednik i ministar vanjskih poslova  poginuli su u padu helikoptera"},"content":{"rendered":"<p>Iranski predsjednik Ebrahim Raisi i ministar vanjskih poslova Hosein Amirabdolahian poginuli su u padu helikoptera u iranskoj pokrajini Isto\u010dni Azerbajd\u017ean.<\/p>\n<p>Spasioci su prona\u0161li mjesto nesre\u0107e nakon vi\u0161esatne potrage po lo\u0161em vremenu, javlja Al D\u017eazira.<\/p>\n<p>Niko nije pre\u017eivio pad helikoptera.<\/p>\n<blockquote class=\"wp-embedded-content\" data-secret=\"euLFglxVFt\"><p><a href=\"https:\/\/www.pcnen.com\/portal\/2024\/05\/19\/ne-zna-se-sudbina-predsjednika-irana-poslije-helikopterske-nesrece-video\/\">Ne zna se sudbina predsjednika Irana poslije helikopterske nesre\u0107e (video)<\/a><\/p><\/blockquote>\n<p><iframe loading=\"lazy\" class=\"wp-embedded-content\" sandbox=\"allow-scripts\" security=\"restricted\" style=\"position: absolute; clip: rect(1px, 1px, 1px, 1px);\" title=\"&#8220;Ne zna se sudbina predsjednika Irana poslije helikopterske nesre\u0107e (video)&#8221; &#8212; PCNEN\" src=\"https:\/\/www.pcnen.com\/portal\/2024\/05\/19\/ne-zna-se-sudbina-predsjednika-irana-poslije-helikopterske-nesrece-video\/embed\/#?secret=LfcKGSMIZW#?secret=euLFglxVFt\" data-secret=\"euLFglxVFt\" width=\"600\" height=\"338\" frameborder=\"0\" marginwidth=\"0\" marginheight=\"0\" scrolling=\"no\"><\/iframe><\/p>\n","protected":false},"excerpt":{"rendered":"<p>Iranski predsjednik Ebrahim Raisi i ministar vanjskih poslova Hosein Amirabdolahian poginuli su u padu helikoptera u iranskoj pokrajini Isto\u010dni Azerbajd\u017ean. Spasioci su prona\u0161li mjesto nesre\u0107e nakon vi\u0161esatne potrage po lo\u0161em vremenu, javlja Al D\u017eazira. Niko nije pre\u017eivio pad helikoptera. Ne zna se sudbina predsjednika Irana poslije helikopterske nesre\u0107e (video)<\/p>\n","protected":false},"author":1,"featured_media":322084,"comment_status":"open","ping_status":"closed","sticky":false,"template":"","format":"standard","meta":{"_seopress_robots_primary_cat":"none","_seopress_titles_title":"","_seopress_titles_desc":"","_seopress_robots_index":"","_et_pb_use_builder":"","_et_pb_old_content":"","_et_gb_content_width":"","inline_featured_image":false,"footnotes":""},"categories":[14],"tags":[],"class_list":["post-402274","post","type-post","status-publish","format-standard","has-post-thumbnail","hentry","category-vijesti"],"_links":{"self":[{"href":"https:\/\/www.pcnen.com\/portal\/wp-json\/wp\/v2\/posts\/402274","targetHints":{"allow":["GET"]}}],"collection":[{"href":"https:\/\/www.pcnen.com\/portal\/wp-json\/wp\/v2\/posts"}],"about":[{"href":"https:\/\/www.pcnen.com\/portal\/wp-json\/wp\/v2\/types\/post"}],"author":[{"embeddable":true,"href":"https:\/\/www.pcnen.com\/portal\/wp-json\/wp\/v2\/users\/1"}],"replies":[{"embeddable":true,"href":"https:\/\/www.pcnen.com\/portal\/wp-json\/wp\/v2\/comments?post=402274"}],"version-history":[{"count":2,"href":"https:\/\/www.pcnen.com\/portal\/wp-json\/wp\/v2\/posts\/402274\/revisions"}],"predecessor-version":[{"id":402294,"href":"https:\/\/www.pcnen.com\/portal\/wp-json\/wp\/v2\/posts\/402274\/revisions\/402294"}],"wp:featuredmedia":[{"embeddable":true,"href":"https:\/\/www.pcnen.com\/portal\/wp-json\/wp\/v2\/media\/322084"}],"wp:attachment":[{"href":"https:\/\/www.pcnen.com\/portal\/wp-json\/wp\/v2\/media?parent=402274"}],"wp:term":[{"taxonomy":"category","embeddable":true,"href":"https:\/\/www.pcnen.com\/portal\/wp-json\/wp\/v2\/categories?post=402274"},{"taxonomy":"post_tag","embeddable":true,"href":"https:\/\/www.pcnen.com\/portal\/wp-json\/wp\/v2\/tags?post=402274"}],"curies":[{"name":"wp","href":"https:\/\/api.w.org\/{rel}","templated":true}]}}