{"id":402249,"date":"2024-05-19T21:01:43","date_gmt":"2024-05-19T19:01:43","guid":{"rendered":"https:\/\/www.pcnen.com\/portal\/?p=402249"},"modified":"2024-05-19T21:02:25","modified_gmt":"2024-05-19T19:02:25","slug":"ivanovic-zalosno-je-da-se-vucic-obraca-neprimjerenim-rijecima","status":"publish","type":"post","link":"https:\/\/www.pcnen.com\/portal\/2024\/05\/19\/ivanovic-zalosno-je-da-se-vucic-obraca-neprimjerenim-rijecima\/","title":{"rendered":"Ivanovi\u0107: \u017dalosno je da se Vu\u010di\u0107 obra\u0107a neprimjerenim rije\u010dima"},"content":{"rendered":"<p>\u017dalosno je da se predsjednik Srbije Aleksandar Vu\u010di\u0107 neprimjerenim rije\u010dima obra\u0107a i govori o Crnoj Gori i tako nesre\u0107ne formulacije ne mogu biti pozdravljene iz na\u0161e zemlje, kazao je ministar vanjskih poslova Filip Ivanovi\u0107. Poru\u010dio je da Crna Gora ne \u017eeli da kvari odnose ni sa kim od susjeda.<\/p>\n<p>\u201cPredsjednik Vu\u010di\u0107 je prije nekoliko dana bio u Crnoj Gori, bio je upoznat sa sadr\u017einom amandmana koji su poslati UN-u i nije na taj na\u010din komentarisao, ve\u0107 je govorio kako Srbija ne\u0107e govoriti Crnoj Gori kako da glasa. To su nesre\u0107ne formulacije i te\u0161ko da mogu biti pozdravljene iz Crne Gore\u201d, kazao je Ivanovi\u0107, za RTCG.<\/p>\n<p>Na pitanje da li bi glasanje moglo da ugrozi odnose dvije zemlje, on je kazao da treba raditi na saradnji.<\/p>\n<p>\u201cI kada pro\u0111e 23. maj Crna Gora i Srbija \u0107e biti jedna pored druge, i dalje \u0107e neke stvari mo\u017eda sagledavati razli\u010dito, ali \u0107e biti jo\u0161 mnogo vi\u0161e pitanja i tema koje ih zbli\u017eavaju i na kojima treba zajedno da radimo. Crna Gora ne \u017eeli da kvari odnose ni sa kim od susjeda\u201d, rekao je Ivanovi\u0107.<\/p>\n<p>Nije komentarisao Rezoluciju o Jasenovcu.<\/p>\n<blockquote class=\"wp-embedded-content\" data-secret=\"tROQwPA3jT\"><p><a href=\"https:\/\/www.pcnen.com\/portal\/2024\/05\/19\/vucic-amandmani-cg-su-odvratna-igra-i-perfidan-trik\/\">Vu\u010di\u0107: Amandmani CG su odvratna igra i perfidan trik<\/a><\/p><\/blockquote>\n<p><iframe loading=\"lazy\" class=\"wp-embedded-content\" sandbox=\"allow-scripts\" security=\"restricted\" style=\"position: absolute; clip: rect(1px, 1px, 1px, 1px);\" title=\"&#8220;Vu\u010di\u0107: Amandmani CG su odvratna igra i perfidan trik&#8221; &#8212; PCNEN\" src=\"https:\/\/www.pcnen.com\/portal\/2024\/05\/19\/vucic-amandmani-cg-su-odvratna-igra-i-perfidan-trik\/embed\/#?secret=J7v3qpwKJG#?secret=tROQwPA3jT\" data-secret=\"tROQwPA3jT\" width=\"600\" height=\"338\" frameborder=\"0\" marginwidth=\"0\" marginheight=\"0\" scrolling=\"no\"><\/iframe><\/p>\n","protected":false},"excerpt":{"rendered":"<p>\u017dalosno je da se predsjednik Srbije Aleksandar Vu\u010di\u0107 neprimjerenim rije\u010dima obra\u0107a i govori o Crnoj Gori i tako nesre\u0107ne formulacije ne mogu biti pozdravljene iz na\u0161e zemlje, kazao je ministar vanjskih poslova Filip Ivanovi\u0107. <\/p>\n","protected":false},"author":1,"featured_media":402252,"comment_status":"open","ping_status":"closed","sticky":false,"template":"","format":"standard","meta":{"_seopress_robots_primary_cat":"none","_seopress_titles_title":"","_seopress_titles_desc":"","_seopress_robots_index":"","_et_pb_use_builder":"","_et_pb_old_content":"","_et_gb_content_width":"","inline_featured_image":false,"footnotes":""},"categories":[14],"tags":[],"class_list":["post-402249","post","type-post","status-publish","format-standard","has-post-thumbnail","hentry","category-vijesti"],"_links":{"self":[{"href":"https:\/\/www.pcnen.com\/portal\/wp-json\/wp\/v2\/posts\/402249","targetHints":{"allow":["GET"]}}],"collection":[{"href":"https:\/\/www.pcnen.com\/portal\/wp-json\/wp\/v2\/posts"}],"about":[{"href":"https:\/\/www.pcnen.com\/portal\/wp-json\/wp\/v2\/types\/post"}],"author":[{"embeddable":true,"href":"https:\/\/www.pcnen.com\/portal\/wp-json\/wp\/v2\/users\/1"}],"replies":[{"embeddable":true,"href":"https:\/\/www.pcnen.com\/portal\/wp-json\/wp\/v2\/comments?post=402249"}],"version-history":[{"count":2,"href":"https:\/\/www.pcnen.com\/portal\/wp-json\/wp\/v2\/posts\/402249\/revisions"}],"predecessor-version":[{"id":402254,"href":"https:\/\/www.pcnen.com\/portal\/wp-json\/wp\/v2\/posts\/402249\/revisions\/402254"}],"wp:featuredmedia":[{"embeddable":true,"href":"https:\/\/www.pcnen.com\/portal\/wp-json\/wp\/v2\/media\/402252"}],"wp:attachment":[{"href":"https:\/\/www.pcnen.com\/portal\/wp-json\/wp\/v2\/media?parent=402249"}],"wp:term":[{"taxonomy":"category","embeddable":true,"href":"https:\/\/www.pcnen.com\/portal\/wp-json\/wp\/v2\/categories?post=402249"},{"taxonomy":"post_tag","embeddable":true,"href":"https:\/\/www.pcnen.com\/portal\/wp-json\/wp\/v2\/tags?post=402249"}],"curies":[{"name":"wp","href":"https:\/\/api.w.org\/{rel}","templated":true}]}}