{"id":402240,"date":"2024-05-19T19:35:51","date_gmt":"2024-05-19T17:35:51","guid":{"rendered":"https:\/\/www.pcnen.com\/portal\/?p=402240"},"modified":"2024-05-19T19:36:16","modified_gmt":"2024-05-19T17:36:16","slug":"ne-zna-se-sudbina-predsjednika-irana-poslije-helikopterske-nesrece-video","status":"publish","type":"post","link":"https:\/\/www.pcnen.com\/portal\/2024\/05\/19\/ne-zna-se-sudbina-predsjednika-irana-poslije-helikopterske-nesrece-video\/","title":{"rendered":"Ne zna se sudbina predsjednika Irana poslije helikopterske nesre\u0107e (video)"},"content":{"rendered":"<p>Na sjeverozapadu Irana ve\u010deras je i dalje u toku intenzivna potraga za helikopterom u kojem je bio predsjednik Ebrahim Raisi, javili su tamo\u0161nji mediji i zvani\u010dnici koji su ranije rekli da se dogodila helikopterska nesre\u0107a.<\/p>\n<p>&#8220;Nesrec\u0301a se dogodila sa helikopterom koji je prevozio predsjednika&#8221; u regionu D\u017eofa, u zapadnoj provinciji Isto\u010dni Azerbejd\u017ean, prenijela je dr\u017eavna televizija.<\/p>\n<p>Potragu su veoma ote\u017eali &#8220;nepovoljni vremenski uslovi&#8221;, rekao je ministar unutra\u0161njih poslova Ahmed Vahidi na dr\u017eavnoj televiziji i dodao da je potrebno vrijeme da se stigne do tog podru\u010dja.<\/p>\n<p>Dr\u017eavna televizija emitovala je slike nekoliko pripadnika iranskog Crvenog polumjeseca kako hodaju po gustoj magli. Tako\u0111e su prikazane slike vjernika koji se mole za zdravlje predsjednika u nekoliko d\u017eamija, prenosi Beta.<\/p>\n<p>Ministar unutra\u0161njih poslova nije potvrdio da li je predsjednik Raisi (63) bio u helikopteru, koji je bio dio konvoja od tri helikoptera u kojima je bila predsjedni\u010dka delegacija.<br \/>\nDva helikoptera su bezbijedno sletjela u Tabriz, veliki grad na sjeverozapadu, ali ne i onaj u kojem je bio predsjednik Irana.<\/p>\n<p>Agencija Irna je prenijela da je me\u0111u putnicima bio i ministar spoljnih poslova Hosein Amir Abdolahian, zajedno sa guvernerom provincije i glavnim imamom u regionu.<br \/>\nIrna je dodala da je na lice mjesta poslato vi\u0161e od 20 spasila\u010dkih timova sa punom opremom, uklju\u010dujuc\u0301i dronove i pse.<\/p>\n<p>Raisi je danas posjetio provinciju Isto\u010dni Azerbejd\u017ean, gdje je u dru\u0161tvu predsjednika Azerbejd\u017eana Ilhama Alijeva sve\u010dano otvorio branu na granici dvije zemlje.<\/p>\n<blockquote class=\"twitter-tweet\">\n<p dir=\"ltr\" lang=\"en\">The footage shows the area where the president's helicopter crashed <a href=\"https:\/\/t.co\/h78E9ta8LH\">pic.twitter.com\/h78E9ta8LH<\/a><\/p>\n<p>\u2014 IRNA News Agency (@IrnaEnglish) <a href=\"https:\/\/twitter.com\/IrnaEnglish\/status\/1792205824250740743?ref_src=twsrc%5Etfw\">May 19, 2024<\/a><\/p><\/blockquote>\n<p><script async src=\"https:\/\/platform.twitter.com\/widgets.js\" charset=\"utf-8\"><\/script><\/p>\n","protected":false},"excerpt":{"rendered":"<p>Na sjeverozapadu Irana ve\u010deras je i dalje u toku intenzivna potraga za helikopterom u kojem je bio predsjednik Ebrahim Raisi, javili su tamo\u0161nji mediji i zvani\u010dnici koji su ranije rekli da se dogodila helikopterska nesre\u0107<\/p>\n","protected":false},"author":1,"featured_media":322084,"comment_status":"open","ping_status":"closed","sticky":false,"template":"","format":"standard","meta":{"_seopress_robots_primary_cat":"none","_seopress_titles_title":"","_seopress_titles_desc":"","_seopress_robots_index":"","_et_pb_use_builder":"","_et_pb_old_content":"","_et_gb_content_width":"","inline_featured_image":false,"footnotes":""},"categories":[14],"tags":[],"class_list":["post-402240","post","type-post","status-publish","format-standard","has-post-thumbnail","hentry","category-vijesti"],"_links":{"self":[{"href":"https:\/\/www.pcnen.com\/portal\/wp-json\/wp\/v2\/posts\/402240","targetHints":{"allow":["GET"]}}],"collection":[{"href":"https:\/\/www.pcnen.com\/portal\/wp-json\/wp\/v2\/posts"}],"about":[{"href":"https:\/\/www.pcnen.com\/portal\/wp-json\/wp\/v2\/types\/post"}],"author":[{"embeddable":true,"href":"https:\/\/www.pcnen.com\/portal\/wp-json\/wp\/v2\/users\/1"}],"replies":[{"embeddable":true,"href":"https:\/\/www.pcnen.com\/portal\/wp-json\/wp\/v2\/comments?post=402240"}],"version-history":[{"count":2,"href":"https:\/\/www.pcnen.com\/portal\/wp-json\/wp\/v2\/posts\/402240\/revisions"}],"predecessor-version":[{"id":402244,"href":"https:\/\/www.pcnen.com\/portal\/wp-json\/wp\/v2\/posts\/402240\/revisions\/402244"}],"wp:featuredmedia":[{"embeddable":true,"href":"https:\/\/www.pcnen.com\/portal\/wp-json\/wp\/v2\/media\/322084"}],"wp:attachment":[{"href":"https:\/\/www.pcnen.com\/portal\/wp-json\/wp\/v2\/media?parent=402240"}],"wp:term":[{"taxonomy":"category","embeddable":true,"href":"https:\/\/www.pcnen.com\/portal\/wp-json\/wp\/v2\/categories?post=402240"},{"taxonomy":"post_tag","embeddable":true,"href":"https:\/\/www.pcnen.com\/portal\/wp-json\/wp\/v2\/tags?post=402240"}],"curies":[{"name":"wp","href":"https:\/\/api.w.org\/{rel}","templated":true}]}}