{"id":402232,"date":"2024-05-19T15:00:08","date_gmt":"2024-05-19T13:00:08","guid":{"rendered":"https:\/\/www.pcnen.com\/portal\/?p=402232"},"modified":"2024-05-19T15:00:08","modified_gmt":"2024-05-19T13:00:08","slug":"kabinet-premijera-amandmani-cg-sprecavaju-dalju-politizaciju-i-pobjeda-su-za-sve-narode-u-regionu","status":"publish","type":"post","link":"https:\/\/www.pcnen.com\/portal\/2024\/05\/19\/kabinet-premijera-amandmani-cg-sprecavaju-dalju-politizaciju-i-pobjeda-su-za-sve-narode-u-regionu\/","title":{"rendered":"Kabinet premijera: Amandmani CG spre\u010davaju dalju politizaciju i pobjeda su za sve narode u regionu"},"content":{"rendered":"<p>Amandmani Crne Gore na Rezoluciju Me\u0111unarodni dan sje\u0107anja i pomena genocida u Srebrenici 1995. su prihva\u0107eni \u0161to predstavlja veliki uspjeh crnogorske diplomatije i pobjedu za sve narode u regionu, saop\u0161teno je iz Kabineta premijera.<\/p>\n<p>Kabinet premijera: Amandmani najbolje razobli\u010davaju propagandu etiketiranja bilo kog naroda (Foto: gov.me)<br \/>\nPremijer Milojko Spaji\u0107 je, podsje\u0107aju, ovim povodom kazao i da je u kona\u010dnom tekstu su\u0161tina amandmana sa\u010duvana.<\/p>\n<p>Vjeruju da je to dodatni doprinos regionalnom pomirenju i dobrom odnosu izme\u0111u Srba, Bo\u0161njaka i svih drugih naroda na Balkanu.<\/p>\n<p>&#8220;Naime, amandmani koje je Crna Gora uputila predlaga\u010dima imaju za cilj da doprinesu otklanjanju iskrivljenih i pogre\u0161nih interpretacija i sprije\u010de nerazumijevanje i dalju politizaciju ovog pitanja&#8221;, zaklju\u010duje se u saop\u0161tenju\u00a0Kabineta premijera Milojka Spaji\u0107a.<\/p>\n<blockquote class=\"wp-embedded-content\" data-secret=\"8StIIjFYBd\"><p><a href=\"https:\/\/www.pcnen.com\/portal\/2024\/05\/19\/vucic-amandmani-cg-su-odvratna-igra-i-perfidan-trik\/\">Vu\u010di\u0107: Amandmani CG su odvratna igra i perfidan trik<\/a><\/p><\/blockquote>\n<p><iframe loading=\"lazy\" class=\"wp-embedded-content\" sandbox=\"allow-scripts\" security=\"restricted\" style=\"position: absolute; clip: rect(1px, 1px, 1px, 1px);\" title=\"&#8220;Vu\u010di\u0107: Amandmani CG su odvratna igra i perfidan trik&#8221; &#8212; PCNEN\" src=\"https:\/\/www.pcnen.com\/portal\/2024\/05\/19\/vucic-amandmani-cg-su-odvratna-igra-i-perfidan-trik\/embed\/#?secret=SVs2HJBsOS#?secret=8StIIjFYBd\" data-secret=\"8StIIjFYBd\" width=\"600\" height=\"338\" frameborder=\"0\" marginwidth=\"0\" marginheight=\"0\" scrolling=\"no\"><\/iframe><\/p>\n","protected":false},"excerpt":{"rendered":"<p>Amandmani Crne Gore na Rezoluciju Me\u0111unarodni dan sje\u0107anja i pomena genocida u Srebrenici 1995. su prihva\u0107eni \u0161to predstavlja veliki uspjeh crnogorske diplomatije i pobjedu za sve narode u regionu, saop\u0161teno je iz Kabineta premijera. Kabinet premijera: Amandmani najbolje razobli\u010davaju propagandu etiketiranja bilo kog naroda (Foto: gov.me) Premijer Milojko Spaji\u0107 je, podsje\u0107aju, ovim povodom kazao i [&hellip;]<\/p>\n","protected":false},"author":1,"featured_media":379490,"comment_status":"open","ping_status":"closed","sticky":false,"template":"","format":"standard","meta":{"_seopress_robots_primary_cat":"none","_seopress_titles_title":"","_seopress_titles_desc":"","_seopress_robots_index":"","_et_pb_use_builder":"","_et_pb_old_content":"","_et_gb_content_width":"","inline_featured_image":false,"footnotes":""},"categories":[14],"tags":[],"class_list":["post-402232","post","type-post","status-publish","format-standard","has-post-thumbnail","hentry","category-vijesti"],"_links":{"self":[{"href":"https:\/\/www.pcnen.com\/portal\/wp-json\/wp\/v2\/posts\/402232","targetHints":{"allow":["GET"]}}],"collection":[{"href":"https:\/\/www.pcnen.com\/portal\/wp-json\/wp\/v2\/posts"}],"about":[{"href":"https:\/\/www.pcnen.com\/portal\/wp-json\/wp\/v2\/types\/post"}],"author":[{"embeddable":true,"href":"https:\/\/www.pcnen.com\/portal\/wp-json\/wp\/v2\/users\/1"}],"replies":[{"embeddable":true,"href":"https:\/\/www.pcnen.com\/portal\/wp-json\/wp\/v2\/comments?post=402232"}],"version-history":[{"count":1,"href":"https:\/\/www.pcnen.com\/portal\/wp-json\/wp\/v2\/posts\/402232\/revisions"}],"predecessor-version":[{"id":402235,"href":"https:\/\/www.pcnen.com\/portal\/wp-json\/wp\/v2\/posts\/402232\/revisions\/402235"}],"wp:featuredmedia":[{"embeddable":true,"href":"https:\/\/www.pcnen.com\/portal\/wp-json\/wp\/v2\/media\/379490"}],"wp:attachment":[{"href":"https:\/\/www.pcnen.com\/portal\/wp-json\/wp\/v2\/media?parent=402232"}],"wp:term":[{"taxonomy":"category","embeddable":true,"href":"https:\/\/www.pcnen.com\/portal\/wp-json\/wp\/v2\/categories?post=402232"},{"taxonomy":"post_tag","embeddable":true,"href":"https:\/\/www.pcnen.com\/portal\/wp-json\/wp\/v2\/tags?post=402232"}],"curies":[{"name":"wp","href":"https:\/\/api.w.org\/{rel}","templated":true}]}}