{"id":402225,"date":"2024-05-19T10:56:30","date_gmt":"2024-05-19T08:56:30","guid":{"rendered":"https:\/\/www.pcnen.com\/portal\/?p=402225"},"modified":"2024-05-19T11:02:39","modified_gmt":"2024-05-19T09:02:39","slug":"vucic-amandmani-cg-su-odvratna-igra-i-perfidan-trik","status":"publish","type":"post","link":"https:\/\/www.pcnen.com\/portal\/2024\/05\/19\/vucic-amandmani-cg-su-odvratna-igra-i-perfidan-trik\/","title":{"rendered":"Vu\u010di\u0107: Amandmani CG su odvratna igra i perfidan trik"},"content":{"rendered":"<p>Predsjednik Srbije Aleksandar Vu\u010di\u0107 je rekao da su amandmani koje je Crna Gora podnijela na rezoluciju o genocidu u Srebrenici odvratna igra i perfidan trik.<\/p>\n<p>V<a href=\"https:\/\/pink.rs\/politika\/596128\/uzivo-na-tv-pink-i-pinkrs-predsednik-vucic-u-jutru-sa-dusom-porucio-nikada-snaznije-se-nismo-suprotstavili-velikim-silama\">u\u010di\u0107 je gostuju\u0107i na TV Pink<\/a> rekao da \u0107e se sjutra sastati sa predstavnicima Srba iz regiona i patrijarhom u hramu Svetog Save i razgovarati o rezoluciji o Srebrenici.<\/p>\n<p>Amandmane Crne Gore na rezoluciji, Vu\u010di\u0107 smatra da time treba da se Srbiji \u201czapu\u0161e usta\u201d.<\/p>\n<p>\u201eNeko lupetanje o jedinstvu razli\u010ditosti je jedan, a drugi je da postoji individualnu odgovornost. Pa za\u0161ta \u0107e vam onda rezolucija jer individualnu krivi\u010dnu odgovornost imamo. Pa \u0161ta to radite? Rije\u010d je o triku\u201c, rekao je Vu\u010di\u0107.<\/p>\n<p>\u201cPogledajte tu dozu bezbobzirnosti njihovih medija da se Srbija i\u017eivljava na Crnoj Gori. Mi smo ti koji vr\u0161imo agresiju u regionu, to je luda\u010dki inverzno pona\u0161anje, te la\u017ei\u2026 U \u010detvrtak uve\u010de \u0107emo znati ko su nam prijatelji u svijetu, pokaza\u0107emo na svakom mjestu ko ne bude glasao su nam prijatelji, za ostale \u0107emo dobro znati da nam nisu prijatelji\u201d, rekao je Vu\u010di\u0107.<\/p>\n<p>Naveo je da nijednim rezultatom ne\u0107e biti sre\u0107an ali \u0107e biti \u201cpobosan na na\u0161u borbu\u201d.<\/p>\n<blockquote class=\"wp-embedded-content\" data-secret=\"bJNZvUA031\"><p><a href=\"https:\/\/www.pcnen.com\/portal\/2024\/05\/18\/lagumdzija-usaglasen-konacni-tekst-rezolucije-un-o-srebrenici\/\">Lagumd\u017eija: Usagla\u0161en kona\u010dni tekst Rezolucije UN o Srebrenici<\/a><\/p><\/blockquote>\n<p><iframe loading=\"lazy\" class=\"wp-embedded-content\" sandbox=\"allow-scripts\" security=\"restricted\" style=\"position: absolute; clip: rect(1px, 1px, 1px, 1px);\" title=\"&#8220;Lagumd\u017eija: Usagla\u0161en kona\u010dni tekst Rezolucije UN o Srebrenici&#8221; &#8212; PCNEN\" src=\"https:\/\/www.pcnen.com\/portal\/2024\/05\/18\/lagumdzija-usaglasen-konacni-tekst-rezolucije-un-o-srebrenici\/embed\/#?secret=zyMSkeqn07#?secret=bJNZvUA031\" data-secret=\"bJNZvUA031\" width=\"600\" height=\"338\" frameborder=\"0\" marginwidth=\"0\" marginheight=\"0\" scrolling=\"no\"><\/iframe><\/p>\n","protected":false},"excerpt":{"rendered":"<p>Predsjednik Srbije Aleksandar Vu\u010di\u0107 je rekao da su amandmani koje je Crna Gora podnijela na rezoluciju o genocidu u Srebrenici odvratna igra i perfidan trik.<\/p>\n","protected":false},"author":1,"featured_media":390404,"comment_status":"open","ping_status":"closed","sticky":false,"template":"","format":"standard","meta":{"_seopress_robots_primary_cat":"none","_seopress_titles_title":"","_seopress_titles_desc":"","_seopress_robots_index":"","_et_pb_use_builder":"","_et_pb_old_content":"","_et_gb_content_width":"","inline_featured_image":false,"footnotes":""},"categories":[14],"tags":[],"class_list":["post-402225","post","type-post","status-publish","format-standard","has-post-thumbnail","hentry","category-vijesti"],"_links":{"self":[{"href":"https:\/\/www.pcnen.com\/portal\/wp-json\/wp\/v2\/posts\/402225","targetHints":{"allow":["GET"]}}],"collection":[{"href":"https:\/\/www.pcnen.com\/portal\/wp-json\/wp\/v2\/posts"}],"about":[{"href":"https:\/\/www.pcnen.com\/portal\/wp-json\/wp\/v2\/types\/post"}],"author":[{"embeddable":true,"href":"https:\/\/www.pcnen.com\/portal\/wp-json\/wp\/v2\/users\/1"}],"replies":[{"embeddable":true,"href":"https:\/\/www.pcnen.com\/portal\/wp-json\/wp\/v2\/comments?post=402225"}],"version-history":[{"count":4,"href":"https:\/\/www.pcnen.com\/portal\/wp-json\/wp\/v2\/posts\/402225\/revisions"}],"predecessor-version":[{"id":402231,"href":"https:\/\/www.pcnen.com\/portal\/wp-json\/wp\/v2\/posts\/402225\/revisions\/402231"}],"wp:featuredmedia":[{"embeddable":true,"href":"https:\/\/www.pcnen.com\/portal\/wp-json\/wp\/v2\/media\/390404"}],"wp:attachment":[{"href":"https:\/\/www.pcnen.com\/portal\/wp-json\/wp\/v2\/media?parent=402225"}],"wp:term":[{"taxonomy":"category","embeddable":true,"href":"https:\/\/www.pcnen.com\/portal\/wp-json\/wp\/v2\/categories?post=402225"},{"taxonomy":"post_tag","embeddable":true,"href":"https:\/\/www.pcnen.com\/portal\/wp-json\/wp\/v2\/tags?post=402225"}],"curies":[{"name":"wp","href":"https:\/\/api.w.org\/{rel}","templated":true}]}}