{"id":40220,"date":"2010-12-13T09:25:57","date_gmt":"2010-12-13T09:25:57","guid":{"rendered":"http:\/\/www.pcnen.com\/portal\/?p=40220"},"modified":"2010-12-13T09:25:57","modified_gmt":"2010-12-13T09:25:57","slug":"iskljuceni-pzp-ovac-savjetnik-predsjednika-parlamenta","status":"publish","type":"post","link":"https:\/\/www.pcnen.com\/portal\/2010\/12\/13\/iskljuceni-pzp-ovac-savjetnik-predsjednika-parlamenta\/","title":{"rendered":"Isklju\u010deni PzP-ovac savjetnik predsjednika parlamenta"},"content":{"rendered":"<p>Sekulovi\u0107, koji je magistrirao iz oblasti ljudskih prava i sloboda, kazao je za Vijesti da njegov anga\u017eman u parlamentu biti profesionalan.<\/p>\n<p>Sekulovi\u0107 je prije nekoliko dana podnio ostavku na mjesto odbornika u Skup&scaron;tini op&scaron;tine glavnog grada. <\/p>\n<p>Predsjedni&scaron;tvo PzP je Sekuli\u0107a i jo&scaron; &scaron;est \u010dlanova partijskog Glavnog odbora isklju\u010dilo iz partije zbog toga &scaron;to su, kako je ocijenjeno, &quot;sprovodili javnu kampanju&quot; protiv svoje&nbsp; stranke. Sekuli\u0107 i ostali isklju\u010deni kadrovi PzP su se javno zalagali za redefinisanje partijske politike. <\/p>\n","protected":false},"excerpt":{"rendered":"<p>Sergej Sekulovi\u0107, nedavno isklju\u010deni \u010dlan Pokreta za promjene, prihvatio je ponudu predsjednika Skup&scaron;tine Crne Gore Ranka Krivokapi\u0107a da bude njegov savjetnik za pravosu\u0111e i osnovna prava.<\/p>\n","protected":false},"author":1,"featured_media":0,"comment_status":"open","ping_status":"closed","sticky":false,"template":"","format":"standard","meta":{"_seopress_robots_primary_cat":"","_seopress_titles_title":"","_seopress_titles_desc":"","_seopress_robots_index":"","_et_pb_use_builder":"","_et_pb_old_content":"","_et_gb_content_width":"","inline_featured_image":false,"footnotes":""},"categories":[14],"tags":[],"class_list":["post-40220","post","type-post","status-publish","format-standard","hentry","category-vijesti"],"_links":{"self":[{"href":"https:\/\/www.pcnen.com\/portal\/wp-json\/wp\/v2\/posts\/40220","targetHints":{"allow":["GET"]}}],"collection":[{"href":"https:\/\/www.pcnen.com\/portal\/wp-json\/wp\/v2\/posts"}],"about":[{"href":"https:\/\/www.pcnen.com\/portal\/wp-json\/wp\/v2\/types\/post"}],"author":[{"embeddable":true,"href":"https:\/\/www.pcnen.com\/portal\/wp-json\/wp\/v2\/users\/1"}],"replies":[{"embeddable":true,"href":"https:\/\/www.pcnen.com\/portal\/wp-json\/wp\/v2\/comments?post=40220"}],"version-history":[{"count":0,"href":"https:\/\/www.pcnen.com\/portal\/wp-json\/wp\/v2\/posts\/40220\/revisions"}],"wp:attachment":[{"href":"https:\/\/www.pcnen.com\/portal\/wp-json\/wp\/v2\/media?parent=40220"}],"wp:term":[{"taxonomy":"category","embeddable":true,"href":"https:\/\/www.pcnen.com\/portal\/wp-json\/wp\/v2\/categories?post=40220"},{"taxonomy":"post_tag","embeddable":true,"href":"https:\/\/www.pcnen.com\/portal\/wp-json\/wp\/v2\/tags?post=40220"}],"curies":[{"name":"wp","href":"https:\/\/api.w.org\/{rel}","templated":true}]}}