{"id":402193,"date":"2024-05-18T22:00:23","date_gmt":"2024-05-18T20:00:23","guid":{"rendered":"https:\/\/www.pcnen.com\/portal\/?p=402193"},"modified":"2024-05-18T22:18:30","modified_gmt":"2024-05-18T20:18:30","slug":"srpske-organizacije-slijede-blokade-ako-vlada-glasa-za-rezoluciju-o-srebrenici","status":"publish","type":"post","link":"https:\/\/www.pcnen.com\/portal\/2024\/05\/18\/srpske-organizacije-slijede-blokade-ako-vlada-glasa-za-rezoluciju-o-srebrenici\/","title":{"rendered":"Srpske organizacije: Slijede blokade ako Vlada glasa za rezoluciju o Srebrenici"},"content":{"rendered":"<p>Srpske organizacije u Crnoj Gori najavile su da \u0107e pozvati narod na proteste i blokade ako Vlada Milojka Spaji\u0107a ne odbije da glasa za rezoluciju o Srebrenici.<\/p>\n<p>Deset srpskih organizacija u Crnoj Gori isti\u010du da je glasanje o rezoluciji o Srebrenici bacanje krivice na srpski narod i njegova budu\u0107a pokoljenja.<\/p>\n<p>Napominju da se ne odri\u010du da je bilo zlo\u010dina koje kao hri\u0161\u0107ani i Srbi osu\u0111uju, ali tako\u0111e pitaju i \u0161ta je sa srpskim \u017ertvama?<\/p>\n<p>&#8220;\u017dali li neko onu na\u0161u bra\u0107u i sestre u Kravicama, Bratuncu. \u017dali li iskreno za svim srpskim stradalnicima kojih je samo u 20 vijeku bilo vi\u0161e od 3,5 miliona i koji su ubijani na mnogim samo za nas namijenjenim strati\u0161tima. Za na\u0161im \u017ertvama ne\u0107e biti suza u ovoj Vladi&#8221;, navode u pismu srpske navladine organizacije,prenosi Srna.<\/p>\n<p>U pismu su poru\u010dili da rezolucija o Jasenovcu koristi Spaji\u0107u isklju\u010divo za unutra\u0161nje politi\u010dke prilike u Crnoj Gori i da bi narod odr\u017eao u miru.<\/p>\n<p>&#8220;Ne dozvolite da vas la\u017eu i obmanjuju&#8221;, navodi se u pismu 10 srpski nevladinih organizacija.<\/p>\n<p>Pismo su potpisali Srpski kulturni centar &#8220;Patrijarh Varnava&#8221;, Srpski kulturni klub &#8220;Sveti Sava&#8221;, Udru\u017eenje po\u0161tovalaca u\u010desnika oslobodila\u010dkih ratova 1912-191, &#8220;Herceg&#8221; \u2013 Pljevlja, &#8220;Srpska nit&#8221;, &#8220;Bo\u017euri&#8221;, &#8220;Stupovi&#8221;, &#8220;Miholjski zbor&#8221;, &#8220;Serdari&#8221; i No\u0107ni vukovi.<\/p>\n<p>&#8220;Ukoliko Vlada Crne Gore ne donese odluku da ne\u0107e glasati za ovu rezoliciju, bi\u0107emo prinu\u0111eni da pozovemo narod na proteste i blokade dok nam se ne vrate nazad mandate koji su im dati u ime mira i zajedni\u010dkog boljeg \u017eivota u Crnoj Gori&#8221;, zaklju\u010dile su ove organizacije.<\/p>\n","protected":false},"excerpt":{"rendered":"<p>Srpske organizacije u Crnoj Gori najavile su da \u0107e pozvati narod na proteste i blokade ako Vlada Milojka Spaji\u0107a ne odbije da glasa za rezoluciju o Srebrenici.<\/p>\n","protected":false},"author":1,"featured_media":388781,"comment_status":"open","ping_status":"closed","sticky":false,"template":"","format":"standard","meta":{"_seopress_robots_primary_cat":"none","_seopress_titles_title":"","_seopress_titles_desc":"","_seopress_robots_index":"","_et_pb_use_builder":"","_et_pb_old_content":"","_et_gb_content_width":"","inline_featured_image":false,"footnotes":""},"categories":[14],"tags":[],"class_list":["post-402193","post","type-post","status-publish","format-standard","has-post-thumbnail","hentry","category-vijesti"],"_links":{"self":[{"href":"https:\/\/www.pcnen.com\/portal\/wp-json\/wp\/v2\/posts\/402193","targetHints":{"allow":["GET"]}}],"collection":[{"href":"https:\/\/www.pcnen.com\/portal\/wp-json\/wp\/v2\/posts"}],"about":[{"href":"https:\/\/www.pcnen.com\/portal\/wp-json\/wp\/v2\/types\/post"}],"author":[{"embeddable":true,"href":"https:\/\/www.pcnen.com\/portal\/wp-json\/wp\/v2\/users\/1"}],"replies":[{"embeddable":true,"href":"https:\/\/www.pcnen.com\/portal\/wp-json\/wp\/v2\/comments?post=402193"}],"version-history":[{"count":4,"href":"https:\/\/www.pcnen.com\/portal\/wp-json\/wp\/v2\/posts\/402193\/revisions"}],"predecessor-version":[{"id":402199,"href":"https:\/\/www.pcnen.com\/portal\/wp-json\/wp\/v2\/posts\/402193\/revisions\/402199"}],"wp:featuredmedia":[{"embeddable":true,"href":"https:\/\/www.pcnen.com\/portal\/wp-json\/wp\/v2\/media\/388781"}],"wp:attachment":[{"href":"https:\/\/www.pcnen.com\/portal\/wp-json\/wp\/v2\/media?parent=402193"}],"wp:term":[{"taxonomy":"category","embeddable":true,"href":"https:\/\/www.pcnen.com\/portal\/wp-json\/wp\/v2\/categories?post=402193"},{"taxonomy":"post_tag","embeddable":true,"href":"https:\/\/www.pcnen.com\/portal\/wp-json\/wp\/v2\/tags?post=402193"}],"curies":[{"name":"wp","href":"https:\/\/api.w.org\/{rel}","templated":true}]}}