{"id":402180,"date":"2024-05-18T18:53:31","date_gmt":"2024-05-18T16:53:31","guid":{"rendered":"https:\/\/www.pcnen.com\/portal\/?p=402180"},"modified":"2024-05-18T18:53:31","modified_gmt":"2024-05-18T16:53:31","slug":"vatikan-azurirao-pravila-u-vezi-sa-natprirodnim-dogadjajima","status":"publish","type":"post","link":"https:\/\/www.pcnen.com\/portal\/2024\/05\/18\/vatikan-azurirao-pravila-u-vezi-sa-natprirodnim-dogadjajima\/","title":{"rendered":"Vatikan a\u017eurirao pravila u vezi sa natprirodnim doga\u0111ajima"},"content":{"rendered":"<p>Vatikan je a\u017eurirao svoja pravila u vezi sa natprirodnim doga\u0111ajima, priznajuc\u0301i da prevelika ma\u0161ta i \u201ela\u017ei\u201c rizikuju da na\u0161kode vjernicima.<\/p>\n<p>Novi standardi, koje je objavio dikasterijum (ekvivalent ministarstvu) Svete stolice za doktrinu vjere i koje je odobrio poglavar Rimokatoli\u010dke crkve, papa Franja, favorizuju \u201eopreznije\u201c tuma\u010denje neobja\u0161njivih fenomena.<\/p>\n<p>\u201eU odre\u0111enim okolnostima nije sve crno-bijelo. Ponekad se mogu\u0107a bo\u017eanska pojava pomije\u0161a sa ljudskim mislima i fantazijama\u201c, izjavio je ju\u010de novinarima kardinal Viktor Manuel Fernandes, koji je na \u010delu dikasterijuma, prenosi Beta.<\/p>\n<p>Istorija Katoli\u010dke crkve je isprekidana epizodama \u010dudnih ili neobja\u0161njivih pojava koje uklju\u010duju statue uplakane Djevice i svjedo\u010danstva privi\u0111enja.<\/p>\n<p>Nove smjernice dolaze dva mjeseca nakon \u0161to je Crkva objavila da su neke pojave bile la\u017ene, a me\u0111u njima je \u201e\u010dudo da je statua Djevice Marije uticala na pove\u0107anje veli\u010dine pice\u201c.<\/p>\n<p>Ta pravila, a\u017eurirana prvi put od 1978. godine, pru\u017eaju sredstva i oru\u0111a biskupima kojima je do sada ostavljena relativna sloboda da utvr\u0111uju autenti\u010dnost tih vizija od slu\u010daja do slu\u010daja.<\/p>\n<p>Samo \u0161est slu\u010dajeva navodnih natprirodnih doga\u0111aja Vatikan je \u201ezvani\u010dno razrije\u0161io\u201c od 1950. godine, navodi se u dokumentu.<\/p>\n","protected":false},"excerpt":{"rendered":"<p>Istorija Katoli\u010dke crkve je isprekidana epizodama \u010dudnih ili neobja\u0161njivih pojava koje uklju\u010duju statue uplakane Djevice i svjedo\u010danstva privi\u0111enja<\/p>\n","protected":false},"author":1,"featured_media":381498,"comment_status":"open","ping_status":"closed","sticky":false,"template":"","format":"standard","meta":{"_seopress_robots_primary_cat":"none","_seopress_titles_title":"","_seopress_titles_desc":"","_seopress_robots_index":"","_et_pb_use_builder":"","_et_pb_old_content":"","_et_gb_content_width":"","inline_featured_image":false,"footnotes":""},"categories":[14],"tags":[],"class_list":["post-402180","post","type-post","status-publish","format-standard","has-post-thumbnail","hentry","category-vijesti"],"_links":{"self":[{"href":"https:\/\/www.pcnen.com\/portal\/wp-json\/wp\/v2\/posts\/402180","targetHints":{"allow":["GET"]}}],"collection":[{"href":"https:\/\/www.pcnen.com\/portal\/wp-json\/wp\/v2\/posts"}],"about":[{"href":"https:\/\/www.pcnen.com\/portal\/wp-json\/wp\/v2\/types\/post"}],"author":[{"embeddable":true,"href":"https:\/\/www.pcnen.com\/portal\/wp-json\/wp\/v2\/users\/1"}],"replies":[{"embeddable":true,"href":"https:\/\/www.pcnen.com\/portal\/wp-json\/wp\/v2\/comments?post=402180"}],"version-history":[{"count":1,"href":"https:\/\/www.pcnen.com\/portal\/wp-json\/wp\/v2\/posts\/402180\/revisions"}],"predecessor-version":[{"id":402183,"href":"https:\/\/www.pcnen.com\/portal\/wp-json\/wp\/v2\/posts\/402180\/revisions\/402183"}],"wp:featuredmedia":[{"embeddable":true,"href":"https:\/\/www.pcnen.com\/portal\/wp-json\/wp\/v2\/media\/381498"}],"wp:attachment":[{"href":"https:\/\/www.pcnen.com\/portal\/wp-json\/wp\/v2\/media?parent=402180"}],"wp:term":[{"taxonomy":"category","embeddable":true,"href":"https:\/\/www.pcnen.com\/portal\/wp-json\/wp\/v2\/categories?post=402180"},{"taxonomy":"post_tag","embeddable":true,"href":"https:\/\/www.pcnen.com\/portal\/wp-json\/wp\/v2\/tags?post=402180"}],"curies":[{"name":"wp","href":"https:\/\/api.w.org\/{rel}","templated":true}]}}