{"id":402166,"date":"2024-05-18T17:11:27","date_gmt":"2024-05-18T15:11:27","guid":{"rendered":"https:\/\/www.pcnen.com\/portal\/?p=402166"},"modified":"2024-05-18T17:11:27","modified_gmt":"2024-05-18T15:11:27","slug":"djevojcica-iz-crne-gore-uhapsena-u-austriji-zbog-sumnje-da-je-planirala-teroristicki-napad","status":"publish","type":"post","link":"https:\/\/www.pcnen.com\/portal\/2024\/05\/18\/djevojcica-iz-crne-gore-uhapsena-u-austriji-zbog-sumnje-da-je-planirala-teroristicki-napad\/","title":{"rendered":"Djevoj\u010dica iz Crne Gore uhap\u0161ena u Austriji zbog sumnje da je planirala teroristi\u010dki napad"},"content":{"rendered":"<p>Austrijski mediji objavili da je policija sprije\u010dila teroristi\u010dki napad koji je, navodno, planirala 14-godi\u0161nja djevoj\u010dica porijeklom iz Crne Gore.<\/p>\n<p>Portal Klix.ba prenosi da je djevoj\u010dica planirala napad na &#8220;navjernike&#8221; u srcu Graca, ali policiji nije poznato kada ta\u010dno je napad trebalo da se dogodi.<\/p>\n<p>Prilikom pretresa ku\u0107e u kojoj \u017eivi u tom austrijskom gradu, policijski istra\u017eitelji su zaplijenili sjekiru i no\u017e, kao i propagandni materijal ISIL-a, videosnimke borbi i pogubljenja.<\/p>\n<p>Tokom ispitivanja u prisustvu zakonskog staratelja i branioca, 14-godi\u0161njakinja nije priznala planiranje napada. Ona je do sada odbijala da daje bilo kakve informacije o sumnjama do kojih je policija do\u0161la.<\/p>\n<p>Javni tu\u017eilac u Gracu je, nakon ispitivanja, naredio da djevoj\u010dica bude pritvorena do daljnjeg zbog opasnosti od izvr\u0161enja krivi\u010dnog djela ili njegovog prikrivanja.<\/p>\n<p>&nbsp;<\/p>\n","protected":false},"excerpt":{"rendered":"<p>Austrijski mediji objavili da je policija sprije\u010dila teroristi\u010dki napad koji je, navodno, planirala 14-godi\u0161nja djevoj\u010dica porijeklom iz Crne Gore.<\/p>\n","protected":false},"author":1,"featured_media":282949,"comment_status":"open","ping_status":"closed","sticky":false,"template":"","format":"standard","meta":{"_seopress_robots_primary_cat":"none","_seopress_titles_title":"","_seopress_titles_desc":"","_seopress_robots_index":"","_et_pb_use_builder":"","_et_pb_old_content":"","_et_gb_content_width":"","inline_featured_image":false,"footnotes":""},"categories":[14],"tags":[],"class_list":["post-402166","post","type-post","status-publish","format-standard","has-post-thumbnail","hentry","category-vijesti"],"_links":{"self":[{"href":"https:\/\/www.pcnen.com\/portal\/wp-json\/wp\/v2\/posts\/402166","targetHints":{"allow":["GET"]}}],"collection":[{"href":"https:\/\/www.pcnen.com\/portal\/wp-json\/wp\/v2\/posts"}],"about":[{"href":"https:\/\/www.pcnen.com\/portal\/wp-json\/wp\/v2\/types\/post"}],"author":[{"embeddable":true,"href":"https:\/\/www.pcnen.com\/portal\/wp-json\/wp\/v2\/users\/1"}],"replies":[{"embeddable":true,"href":"https:\/\/www.pcnen.com\/portal\/wp-json\/wp\/v2\/comments?post=402166"}],"version-history":[{"count":1,"href":"https:\/\/www.pcnen.com\/portal\/wp-json\/wp\/v2\/posts\/402166\/revisions"}],"predecessor-version":[{"id":402169,"href":"https:\/\/www.pcnen.com\/portal\/wp-json\/wp\/v2\/posts\/402166\/revisions\/402169"}],"wp:featuredmedia":[{"embeddable":true,"href":"https:\/\/www.pcnen.com\/portal\/wp-json\/wp\/v2\/media\/282949"}],"wp:attachment":[{"href":"https:\/\/www.pcnen.com\/portal\/wp-json\/wp\/v2\/media?parent=402166"}],"wp:term":[{"taxonomy":"category","embeddable":true,"href":"https:\/\/www.pcnen.com\/portal\/wp-json\/wp\/v2\/categories?post=402166"},{"taxonomy":"post_tag","embeddable":true,"href":"https:\/\/www.pcnen.com\/portal\/wp-json\/wp\/v2\/tags?post=402166"}],"curies":[{"name":"wp","href":"https:\/\/api.w.org\/{rel}","templated":true}]}}