{"id":402151,"date":"2024-05-18T12:01:17","date_gmt":"2024-05-18T10:01:17","guid":{"rendered":"https:\/\/www.pcnen.com\/portal\/?p=402151"},"modified":"2024-05-18T12:05:52","modified_gmt":"2024-05-18T10:05:52","slug":"lagumdzija-usaglasen-konacni-tekst-rezolucije-un-o-srebrenici","status":"publish","type":"post","link":"https:\/\/www.pcnen.com\/portal\/2024\/05\/18\/lagumdzija-usaglasen-konacni-tekst-rezolucije-un-o-srebrenici\/","title":{"rendered":"Lagumd\u017eija: Usagla\u0161en kona\u010dni tekst Rezolucije UN o Srebrenici"},"content":{"rendered":"<p>Predstavnik Bosne i Hercegovine (BiH) pri Ujedinjenim nacijama (UN) Zlatko Lagumd\u017eija je saop\u0161tio da je sino\u0107 usagla\u0161ena kona\u010dna verzija Rezolucije UN o genocidu u Srebrenici, sa dva amandmana koja su postali sastavni dio dokumenta o kojem \u0107e se glasati.<\/p>\n<p>&#8220;Ovim putem i \u010dasne ljude, kao i du\u0161mane, obavje\u0161tavam: Danas je usagla\u0161en kona\u010dni tekst rezolucije o kojem \u0107e se Generalna skup\u0161tina UN-a izjasniti 23.5.2024. Do tada \u0107emo biti najbolja verzija nas samih. U\u010dinit \u0107emo sve \u0161to mo\u017eemo &#8211; kao i prethodnu godinu&#8221;, \u00a0napisap je Lagumd\u017eija na mre\u017ei X.<\/p>\n<p><a href=\"https:\/\/www.klix.ba\/vijesti\/bih\/sta-su-amandmani-crne-gore-donijeli-rezoluciji-o-srebrenici-protivnicima-dokumenta-izbijen-je-svaki-argument\/240518019\">Portal Klix.ba navodi da je<\/a> u kona\u010dnom tekstu uvr\u0161ten prvi amandman Crne Gore i jo\u0161 jedan dodatak.<\/p>\n<p>Lagumd\u017eija je naveo da prvi amandman izbija argumente &#8220;la\u017enim patriotima&#8221;, koji, kako ka\u017ee, promovi\u0161u nepostoje\u0107u krivicu &#8220;genocidnih naroda&#8221;.<\/p>\n<p>Prvi amandman glasi: &#8220;Ponavljamo da se krivi\u010dna odgovornost po me\u0111unarodnom pravu za zlo\u010din genocida ne mo\u017ee odnositi na bilo koju etni\u010dku, vjersku ili neku drugu zajednicu u cjelini&#8221;.<\/p>\n<p>Iz kona\u010dne verzije teksta Rezolucije se mo\u017ee zaklju\u010diti da je prvi amandman onaj koji je predlo\u017eila Vlada Crne Gore.<\/p>\n<p>Lagumd\u017eija je poru\u010dio da se drugim amandmanom ukazuje na ja\u010danje jedinstva u razli\u010ditostima koje, kako isti\u010de, nije samo moto Evropske unije (EU) nego i priroda BiH kao evropske dr\u017eave zasnovane na ovakvim tradicijama.<\/p>\n<p>Drugi amandman glasi: &#8220;Ponavljamo \u010dvrstu posve\u0107enost da odr\u017eavamo i ja\u010damo jedinstvo u razli\u010ditostima u Bosni i Hercegovini&#8221;.<\/p>\n<p>&#8220;Da ne bude nesporazuma &#8211; ovo je kona\u010dni tekst Rezolucije o &#8216;Me\u0111unarodnom danu refleksije i komemoracije 1995 genocida u Srebrenici&#8217;, koji ce se na\u0107i pred Generalnom skup\u0161tinom UN 23.5.2024. U\u010dinili smo sve \u0161to smo znali i mogli. Ne\u0107emo stati. Hvala svima koji su bili sa nama&#8221;, zaklju\u010dio je Lagumd\u017eija.<\/p>\n","protected":false},"excerpt":{"rendered":"<p>Predstavnik Bosne i Hercegovine (BiH) pri Ujedinjenim nacijama (UN) Zlatko Lagumd\u017eija je saop\u0161tio da je sino\u0107 usagla\u0161ena kona\u010dna verzija Rezolucije UN o genocidu u Srebrenici, sa dva amandmana koja su postali sastavni dio dokumenta o kojem \u0107e se glasati.<\/p>\n","protected":false},"author":1,"featured_media":402154,"comment_status":"open","ping_status":"closed","sticky":false,"template":"","format":"standard","meta":{"_seopress_robots_primary_cat":"none","_seopress_titles_title":"","_seopress_titles_desc":"","_seopress_robots_index":"","_et_pb_use_builder":"","_et_pb_old_content":"","_et_gb_content_width":"","inline_featured_image":false,"footnotes":""},"categories":[14],"tags":[],"class_list":["post-402151","post","type-post","status-publish","format-standard","has-post-thumbnail","hentry","category-vijesti"],"_links":{"self":[{"href":"https:\/\/www.pcnen.com\/portal\/wp-json\/wp\/v2\/posts\/402151","targetHints":{"allow":["GET"]}}],"collection":[{"href":"https:\/\/www.pcnen.com\/portal\/wp-json\/wp\/v2\/posts"}],"about":[{"href":"https:\/\/www.pcnen.com\/portal\/wp-json\/wp\/v2\/types\/post"}],"author":[{"embeddable":true,"href":"https:\/\/www.pcnen.com\/portal\/wp-json\/wp\/v2\/users\/1"}],"replies":[{"embeddable":true,"href":"https:\/\/www.pcnen.com\/portal\/wp-json\/wp\/v2\/comments?post=402151"}],"version-history":[{"count":2,"href":"https:\/\/www.pcnen.com\/portal\/wp-json\/wp\/v2\/posts\/402151\/revisions"}],"predecessor-version":[{"id":402156,"href":"https:\/\/www.pcnen.com\/portal\/wp-json\/wp\/v2\/posts\/402151\/revisions\/402156"}],"wp:featuredmedia":[{"embeddable":true,"href":"https:\/\/www.pcnen.com\/portal\/wp-json\/wp\/v2\/media\/402154"}],"wp:attachment":[{"href":"https:\/\/www.pcnen.com\/portal\/wp-json\/wp\/v2\/media?parent=402151"}],"wp:term":[{"taxonomy":"category","embeddable":true,"href":"https:\/\/www.pcnen.com\/portal\/wp-json\/wp\/v2\/categories?post=402151"},{"taxonomy":"post_tag","embeddable":true,"href":"https:\/\/www.pcnen.com\/portal\/wp-json\/wp\/v2\/tags?post=402151"}],"curies":[{"name":"wp","href":"https:\/\/api.w.org\/{rel}","templated":true}]}}