{"id":402117,"date":"2024-05-17T20:42:42","date_gmt":"2024-05-17T18:42:42","guid":{"rendered":"https:\/\/www.pcnen.com\/portal\/?p=402117"},"modified":"2024-05-17T20:43:06","modified_gmt":"2024-05-17T18:43:06","slug":"tekst-predloga-rezolucije-o-genocidu-u-jasenovcu","status":"publish","type":"post","link":"https:\/\/www.pcnen.com\/portal\/2024\/05\/17\/tekst-predloga-rezolucije-o-genocidu-u-jasenovcu\/","title":{"rendered":"Tekst Predloga rezolucije o genocidu u Jasenovcu"},"content":{"rendered":"<p>Polaze\u0107i od najvi\u0161ih vrijednosti ustavnog poretka i op\u0161te prihva\u0107enih pravila me\u0111unarodnog prava;<\/p>\n<p>Uvjereni da su znanje i svijest gra\u0111ana o masovnim stradanjima preduslov za borbu demokratskog svijeta protiv totalitarnih ideja i sli\u010dnih projekata, progona na etni\u010dkoj ili vjerskoj osnovi kao i kr\u0161enja ljudskih prava;<\/p>\n<p>Imaju\u0107i u vidu da je prema nepobitnim dokazima, osnovan koncentracioni logor smrti u Jasenovcu, u kom su u periodu od 1941 &#8211; 1945. godine mu\u010deni i ubijani Srbi, Jevreji, Romi, Hrvati kao i drugi narodi;<\/p>\n<p>Jedinstveni u osudi svih zlo\u010dina na tlu na\u0161e dr\u017eave i biv\u0161e Jugoslavije, u izra\u017eavanju pijeteta prema svim \u017ertvama tih zlo\u010dina, kao i u saosje\u0107anju sa patnjama njihovih porodica;<\/p>\n<p>Potvr\u0111uju\u0107i principijelan stav zasnovan na doma\u0107em i me\u0111unarodnom pravu, da odgovornost mo\u017ee biti isklju\u010divo individualna, kao i da nijedan narod ne mo\u017ee biti ozna\u010den kao genocidan ili zlo\u010dina\u010dki;<\/p>\n<p>Sna\u017eno opredijeljeni da u\u010dinimo sve kako se tragi\u010dna stradanja ljudi etni\u010dkih, vjerskih i drugih grupa nikad i nigdje vi\u0161e ne bi ponovila;<\/p>\n<p>Na osnovu \u010dlana 82 stav 1 ta\u010dka 3 i \u010dlana 91 stav 1 Ustava Crne Gore, Skup\u0161tina Crne Gore donosi:<\/p>\n<p><strong>Rezoluciju o genocidu u Jasenovcu<\/strong><\/p>\n<p>Polaze\u0107i od najvi\u0161ih vrijednosti ustavnog poretka i op\u0161te prihva\u0107enih pravila me\u0111unarodnog prava;<\/p>\n<p>Uvjereni da su znanje i svijest gra\u0111ana o masovnim stradanjima preduslov za borbu demokratskog svijeta protiv totalitarnih ideja i sli\u010dnih projekata, progona na etni\u010dkoj ili vjerskoj osnovi kao i kr\u0161enja ljudskih prava;<\/p>\n<p>Imaju\u0107i u vidu da je prema nepobitnim dokazima, osnovan koncentracioni logor smrti u Jasenovcu, u kom su u periodu od 1941 &#8211; 1945. godine mu\u010deni i ubijani Srbi, Jevreji, Romi, Hrvati kao i drugi narodi;<\/p>\n<p>Jedinstveni u osudi svih zlo\u010dina na tlu na\u0161e dr\u017eave i biv\u0161e Jugoslavije, u izra\u017eavanju pijeteta prema svim \u017ertvama tih zlo\u010dina, kao i u saosje\u0107anju sa patnjama njihovih porodica;<\/p>\n<p>Potvr\u0111uju\u0107i principijelan stav zasnovan na doma\u0107em i me\u0111unarodnom pravu, da odgovornost mo\u017ee biti isklju\u010divo individualna, kao i da nijedan narod ne mo\u017ee biti ozna\u010den kao genocidan ili zlo\u010dina\u010dki;<\/p>\n<p>Sna\u017eno opredijeljeni da u\u010dinimo sve kako se tragi\u010dna stradanja ljudi etni\u010dkih, vjerskih i drugih grupa nikad i nigdje vi\u0161e ne bi ponovila;<\/p>\n<p>Na osnovu \u010dlana 82 stav 1 ta\u010dka 3 i \u010dlana 91 stav 1 Ustava Crne Gore, Skup\u0161tina Crne Gore donosi:<\/p>\n<p>Rezoluciju o genocidu u Jasenovcu<\/p>\n<p>1, S dubokim saosje\u0107anjem prema \u017ertvama genocida u Jasenovcu tokom 1941-1945. godine, uva\u017eavaju\u0107i da \u0107e 2025. godine biti 80. godi\u0161njica od ovog u\u017easnog zlo\u010dina, a prepoznaju\u0107i da je 22. aprila 1945. godine logor smrti Jasenovac bio rasformiran i na taj dan poslednji preostali zatvorenici ubijeni, Skup\u0161tina Crne Gore je vo\u0111ena poveljom Ujedinjenih nacija, Univerzalnom deklaracijom o ljudskim pravima i Konvencijom o spre\u010davanju i ka\u017enjavanju zlo\u010dina genocida, odlu\u010duje da posveti posebnu pa\u017enju komemoraciji i osudi zlo\u010dine po\u010dinjene u tom logoru smrti;<\/p>\n<p>2, Svjesni istorijske va\u017enosti Jasenovca kao mjesta gdje su u \u017eivote izgubili nevini ljudi, Skup\u0161tina Crne Gore odlu\u010duje da 22. april bude zvani\u010dno priznat kao Dan sje\u0107anja na genocid u Jasenovcu, koji \u0107e se obilje\u017eiti svake godine.<\/p>\n<p>3, Skup\u0161tina Crne Gore osu\u0111uje svako poricanje genocida u Jasenovcu i poziva na o\u010duvanje sje\u0107anja na te tragi\u010dne doga\u0111aje kroz obrazovne programe i aktivnosti koje \u0107e sprije\u010diti bilo kakav oblik revizionizma.<\/p>\n<p>4, Kroz usvajanje ove rezolucije Skup\u0161tina Crne Gore obavezuje se da aktivno doprinosi o\u010duvanju sje\u0107anja na \u017ertve genocida u Jasenovcu, promovi\u0161e toleranciju, razumijevanje i borbu protiv svih oblika mr\u017enje i diskriminacije.<\/p>\n<p>5, Podsti\u010de se obilje\u017eavanje 22. aprila kao dana sje\u0107anja na \u017ertve genocida u Jasenovcu, koji je po\u010dinjen tokom 1941 &#8211; 1945. godine, i Skup\u0161tina \u0107e svake godine slati delegaciju koja \u0107e u\u010destvovati u programima komemoracije.<\/p>\n<p>6, Skup\u0161tina Crne Gore ohrabruje dr\u017eavne organizacije na svim nivoima, predsjednika Crne Gore, civilno dru\u0161tvo, uklju\u010duju\u0107i i nevladine organizacije, akademske institucije i druge relevantne strane, da obilje\u017eavaju 22. april, uklju\u010duju\u0107i organizaciju posebnih doga\u0111aja i aktivnosti u sje\u0107anju na \u017ertve genocida u Jasenovcu, koji je po\u010dinjen u periodu tokom 1941- 1945. godine.<\/p>\n<p>&nbsp;<\/p>\n<blockquote class=\"wp-embedded-content\" data-secret=\"ZSdGohSoH1\"><p><a href=\"https:\/\/www.pcnen.com\/portal\/2024\/05\/17\/vecina-predala-skupstini-predlog-rezolucije-o-genocidu-u-jasenovcu\/\">Ve\u0107ina predala Skup\u0161tini Predlog rezolucije o genocidu u Jasenovcu<\/a><\/p><\/blockquote>\n<p><iframe loading=\"lazy\" class=\"wp-embedded-content\" sandbox=\"allow-scripts\" security=\"restricted\" style=\"position: absolute; clip: rect(1px, 1px, 1px, 1px);\" title=\"&#8220;Ve\u0107ina predala Skup\u0161tini Predlog rezolucije o genocidu u Jasenovcu&#8221; &#8212; PCNEN\" src=\"https:\/\/www.pcnen.com\/portal\/2024\/05\/17\/vecina-predala-skupstini-predlog-rezolucije-o-genocidu-u-jasenovcu\/embed\/#?secret=m4UR7D8vQp#?secret=ZSdGohSoH1\" data-secret=\"ZSdGohSoH1\" width=\"600\" height=\"338\" frameborder=\"0\" marginwidth=\"0\" marginheight=\"0\" scrolling=\"no\"><\/iframe><\/p>\n","protected":false},"excerpt":{"rendered":"<p>Polaze\u0107i od najvi\u0161ih vrijednosti ustavnog poretka i op\u0161te prihva\u0107enih pravila me\u0111unarodnog prava; Uvjereni da su znanje i svijest gra\u0111ana o masovnim stradanjima preduslov za borbu demokratskog svijeta protiv totalitarnih ideja i sli\u010dnih projekata, progona na etni\u010dkoj ili vjerskoj osnovi kao i kr\u0161enja ljudskih prava; Imaju\u0107i u vidu da je prema nepobitnim dokazima, osnovan koncentracioni logor [&hellip;]<\/p>\n","protected":false},"author":1,"featured_media":283323,"comment_status":"open","ping_status":"closed","sticky":false,"template":"","format":"standard","meta":{"_seopress_robots_primary_cat":"none","_seopress_titles_title":"","_seopress_titles_desc":"","_seopress_robots_index":"","_et_pb_use_builder":"","_et_pb_old_content":"","_et_gb_content_width":"","inline_featured_image":false,"footnotes":""},"categories":[14],"tags":[],"class_list":["post-402117","post","type-post","status-publish","format-standard","has-post-thumbnail","hentry","category-vijesti"],"_links":{"self":[{"href":"https:\/\/www.pcnen.com\/portal\/wp-json\/wp\/v2\/posts\/402117","targetHints":{"allow":["GET"]}}],"collection":[{"href":"https:\/\/www.pcnen.com\/portal\/wp-json\/wp\/v2\/posts"}],"about":[{"href":"https:\/\/www.pcnen.com\/portal\/wp-json\/wp\/v2\/types\/post"}],"author":[{"embeddable":true,"href":"https:\/\/www.pcnen.com\/portal\/wp-json\/wp\/v2\/users\/1"}],"replies":[{"embeddable":true,"href":"https:\/\/www.pcnen.com\/portal\/wp-json\/wp\/v2\/comments?post=402117"}],"version-history":[{"count":2,"href":"https:\/\/www.pcnen.com\/portal\/wp-json\/wp\/v2\/posts\/402117\/revisions"}],"predecessor-version":[{"id":402121,"href":"https:\/\/www.pcnen.com\/portal\/wp-json\/wp\/v2\/posts\/402117\/revisions\/402121"}],"wp:featuredmedia":[{"embeddable":true,"href":"https:\/\/www.pcnen.com\/portal\/wp-json\/wp\/v2\/media\/283323"}],"wp:attachment":[{"href":"https:\/\/www.pcnen.com\/portal\/wp-json\/wp\/v2\/media?parent=402117"}],"wp:term":[{"taxonomy":"category","embeddable":true,"href":"https:\/\/www.pcnen.com\/portal\/wp-json\/wp\/v2\/categories?post=402117"},{"taxonomy":"post_tag","embeddable":true,"href":"https:\/\/www.pcnen.com\/portal\/wp-json\/wp\/v2\/tags?post=402117"}],"curies":[{"name":"wp","href":"https:\/\/api.w.org\/{rel}","templated":true}]}}