{"id":402103,"date":"2024-05-17T19:31:37","date_gmt":"2024-05-17T17:31:37","guid":{"rendered":"https:\/\/www.pcnen.com\/portal\/?p=402103"},"modified":"2024-05-17T19:31:37","modified_gmt":"2024-05-17T17:31:37","slug":"vecina-predala-skupstini-predlog-rezolucije-o-genocidu-u-jasenovcu","status":"publish","type":"post","link":"https:\/\/www.pcnen.com\/portal\/2024\/05\/17\/vecina-predala-skupstini-predlog-rezolucije-o-genocidu-u-jasenovcu\/","title":{"rendered":"Ve\u0107ina predala Skup\u0161tini Predlog rezolucije o genocidu u Jasenovcu"},"content":{"rendered":"<p>Predstavnici partija parlamentarne ve\u0107ine i zvani\u010dno su predali u skup\u0161tinsku proceduru Predlog rezolucije o genocidu u Jasenovcu, kazao je predsjednik Skup\u0161tine Andrija Mandi\u0107.<\/p>\n<p>Mandi\u0107 je pojasnio da je potpise ispod teksta Rezolucije stavilo 43 poslanika, a da je jo\u0161 nekoliko najavilo podr\u0161ku.<\/p>\n<p>\u201cU skup\u0161tinsku proceduru predali smo prijedlog Rezoluciju o genocidu u Jasenovcu, uz 43 potpisa podr\u0161ke poslanika iz parlamentarne ve\u0107ine. Imamo \u010dvrsto uvjeravanje da \u0107e jo\u0161 nekoliko poslanika podr\u017eati i to jmoram da obavijestim javnost jer je to va\u017ena i zna\u010dajna stvar za ovaj Parlament koji se ranije odre\u0111ivao prema nekim drugim de\u0161avanjima na prostoru biv\u0161e Jugoslavije\u201d, kazao je Mandi\u0107 na sjednici Skup\u0161tine.<\/p>\n<p>Nezvani\u010dno, izostali su potpisi poslanika albanskih stranaka koje \u010dine parlamentarnu ve\u0107inu.<\/p>\n<p>Ranije danas o tome su raspravljali \u0161efovi poslani\u010dkih klubova partija vlasti.<\/p>\n<p>Skup\u0161tina \u0107e nastaviti rad 27. maja.<\/p>\n<blockquote class=\"wp-embedded-content\" data-secret=\"qduNMEr6Z7\"><p><a href=\"https:\/\/www.pcnen.com\/portal\/2024\/05\/15\/hrvatska-protestna-nota-crnoj-gori-zbog-najave-rezolucije-o-jasenovcu\/\">Hrvatska protestna nota Crnoj Gori zbog najave rezolucije o Jasenovcu<\/a><\/p><\/blockquote>\n<p><iframe loading=\"lazy\" class=\"wp-embedded-content\" sandbox=\"allow-scripts\" security=\"restricted\" style=\"position: absolute; clip: rect(1px, 1px, 1px, 1px);\" title=\"&#8220;Hrvatska protestna nota Crnoj Gori zbog najave rezolucije o Jasenovcu&#8221; &#8212; PCNEN\" src=\"https:\/\/www.pcnen.com\/portal\/2024\/05\/15\/hrvatska-protestna-nota-crnoj-gori-zbog-najave-rezolucije-o-jasenovcu\/embed\/#?secret=JaE8louwlm#?secret=qduNMEr6Z7\" data-secret=\"qduNMEr6Z7\" width=\"600\" height=\"338\" frameborder=\"0\" marginwidth=\"0\" marginheight=\"0\" scrolling=\"no\"><\/iframe><\/p>\n","protected":false},"excerpt":{"rendered":"<p>Predstavnici partija parlamentarne ve\u0107ine i zvani\u010dno su predali u skup\u0161tinsku proceduru Predlog rezolucije o genocidu u Jasenovcu, kazao je predsjednik Skup\u0161tine Andrija Mandi\u0107.<\/p>\n","protected":false},"author":1,"featured_media":392088,"comment_status":"open","ping_status":"closed","sticky":false,"template":"","format":"standard","meta":{"_seopress_robots_primary_cat":"none","_seopress_titles_title":"","_seopress_titles_desc":"","_seopress_robots_index":"","_et_pb_use_builder":"","_et_pb_old_content":"","_et_gb_content_width":"","inline_featured_image":false,"footnotes":""},"categories":[14],"tags":[],"class_list":["post-402103","post","type-post","status-publish","format-standard","has-post-thumbnail","hentry","category-vijesti"],"_links":{"self":[{"href":"https:\/\/www.pcnen.com\/portal\/wp-json\/wp\/v2\/posts\/402103","targetHints":{"allow":["GET"]}}],"collection":[{"href":"https:\/\/www.pcnen.com\/portal\/wp-json\/wp\/v2\/posts"}],"about":[{"href":"https:\/\/www.pcnen.com\/portal\/wp-json\/wp\/v2\/types\/post"}],"author":[{"embeddable":true,"href":"https:\/\/www.pcnen.com\/portal\/wp-json\/wp\/v2\/users\/1"}],"replies":[{"embeddable":true,"href":"https:\/\/www.pcnen.com\/portal\/wp-json\/wp\/v2\/comments?post=402103"}],"version-history":[{"count":1,"href":"https:\/\/www.pcnen.com\/portal\/wp-json\/wp\/v2\/posts\/402103\/revisions"}],"predecessor-version":[{"id":402106,"href":"https:\/\/www.pcnen.com\/portal\/wp-json\/wp\/v2\/posts\/402103\/revisions\/402106"}],"wp:featuredmedia":[{"embeddable":true,"href":"https:\/\/www.pcnen.com\/portal\/wp-json\/wp\/v2\/media\/392088"}],"wp:attachment":[{"href":"https:\/\/www.pcnen.com\/portal\/wp-json\/wp\/v2\/media?parent=402103"}],"wp:term":[{"taxonomy":"category","embeddable":true,"href":"https:\/\/www.pcnen.com\/portal\/wp-json\/wp\/v2\/categories?post=402103"},{"taxonomy":"post_tag","embeddable":true,"href":"https:\/\/www.pcnen.com\/portal\/wp-json\/wp\/v2\/tags?post=402103"}],"curies":[{"name":"wp","href":"https:\/\/api.w.org\/{rel}","templated":true}]}}