{"id":402098,"date":"2024-05-17T17:28:09","date_gmt":"2024-05-17T15:28:09","guid":{"rendered":"https:\/\/www.pcnen.com\/portal\/?p=402098"},"modified":"2024-05-17T17:28:44","modified_gmt":"2024-05-17T15:28:44","slug":"zelenski-potpisao-zakon-zatvorenici-mogu-na-front","status":"publish","type":"post","link":"https:\/\/www.pcnen.com\/portal\/2024\/05\/17\/zelenski-potpisao-zakon-zatvorenici-mogu-na-front\/","title":{"rendered":"Zelenski potpisao zakon, zatvorenici mogu na front"},"content":{"rendered":"<p>Ukrajinski predsjednik Vladimir Zelenski potpisao je zakon o mobilizaciji kojim je izme\u0111u ostalog predvi\u0111eno da neke kategorije osu\u0111enika mogu slu\u017eiti vojsku.<\/p>\n<p>Prema dokumentu, zatvorenici \u0107e mo\u0107i da se mobili\u0161u u vojsku na slu\u017ebu po ugovoru i bi\u0107e pu\u0161teni na uslovnu slobodu.<\/p>\n<p>Prema rije\u010dima ministra pravde, u Ukrajini ima oko 10-20.000 osu\u0111enika, koji u budu\u0107nosti mogu biti mobilisani i oni \u0107e slu\u017eiti u specijalnim jedinicama, prenosi RBK Ukrajina.<\/p>\n<p>Zamjenica ministra pravde Elena Visocka navela je da je, prije nego \u0161to je usvojen zakon, oko 4.000 hiljada zatvorenika pristalo je da ode na front u zamjenu za uslovni otpust u anketi sprovedenoj u aprilu.<\/p>\n<p>Istovremeno, odbijeno je oko 4.000 osu\u0111enika kojima su dijagnostikovane zarazne bolesti kao \u0161to su HIV, hepatitis i tuberkuloza, prenosi Tanjug.<\/p>\n<p>Kako je napomenulo Ministarstvo pravde, zaklju\u010dno sa 15. majom u ukrajinskim zatvorima nalazi se 27.471 osu\u0111enik, uklju\u010duju\u0107i 1.538 \u017eena.<\/p>\n<p>Zamjenica ministra pravde je dodala da je za zakonito funkcionisanje neophodno donijeti podzakonska akta.<\/p>\n<p>Prema njenim rije\u010dima, za otprilike nekoliko nedjelja zakon \u0107e biti u potpunosti primijenjen.<\/p>\n<p>Zelenski je danas potpisao i poseban zakon o ja\u010danju odgovornosti za vojne prestupe kojim se pove\u0107avaju nov\u010dane kazne za one koji se ne pridr\u017eavaju pravila mobilizacije.<\/p>\n<p>Dokument predvi\u0111a pove\u0107anje nov\u010danih kazni za kr\u0161enje pravila vojne administracije i zakonodavstva o odbrani, vojnoj obavezi i slu\u017eenju vojnog roka, mobilizacionoj obuci i mobilizaciji.<\/p>\n","protected":false},"excerpt":{"rendered":"<p>Ukrajinski predsjednik Vladimir Zelenski potpisao je zakon o mobilizaciji kojim je izme\u0111u ostalog predvi\u0111eno da neke kategorije osu\u0111enika mogu slu\u017eiti vojsku.<\/p>\n","protected":false},"author":1,"featured_media":343318,"comment_status":"open","ping_status":"closed","sticky":false,"template":"","format":"standard","meta":{"_seopress_robots_primary_cat":"none","_seopress_titles_title":"","_seopress_titles_desc":"","_seopress_robots_index":"","_et_pb_use_builder":"","_et_pb_old_content":"","_et_gb_content_width":"","inline_featured_image":false,"footnotes":""},"categories":[14],"tags":[],"class_list":["post-402098","post","type-post","status-publish","format-standard","has-post-thumbnail","hentry","category-vijesti"],"_links":{"self":[{"href":"https:\/\/www.pcnen.com\/portal\/wp-json\/wp\/v2\/posts\/402098","targetHints":{"allow":["GET"]}}],"collection":[{"href":"https:\/\/www.pcnen.com\/portal\/wp-json\/wp\/v2\/posts"}],"about":[{"href":"https:\/\/www.pcnen.com\/portal\/wp-json\/wp\/v2\/types\/post"}],"author":[{"embeddable":true,"href":"https:\/\/www.pcnen.com\/portal\/wp-json\/wp\/v2\/users\/1"}],"replies":[{"embeddable":true,"href":"https:\/\/www.pcnen.com\/portal\/wp-json\/wp\/v2\/comments?post=402098"}],"version-history":[{"count":2,"href":"https:\/\/www.pcnen.com\/portal\/wp-json\/wp\/v2\/posts\/402098\/revisions"}],"predecessor-version":[{"id":402102,"href":"https:\/\/www.pcnen.com\/portal\/wp-json\/wp\/v2\/posts\/402098\/revisions\/402102"}],"wp:featuredmedia":[{"embeddable":true,"href":"https:\/\/www.pcnen.com\/portal\/wp-json\/wp\/v2\/media\/343318"}],"wp:attachment":[{"href":"https:\/\/www.pcnen.com\/portal\/wp-json\/wp\/v2\/media?parent=402098"}],"wp:term":[{"taxonomy":"category","embeddable":true,"href":"https:\/\/www.pcnen.com\/portal\/wp-json\/wp\/v2\/categories?post=402098"},{"taxonomy":"post_tag","embeddable":true,"href":"https:\/\/www.pcnen.com\/portal\/wp-json\/wp\/v2\/tags?post=402098"}],"curies":[{"name":"wp","href":"https:\/\/api.w.org\/{rel}","templated":true}]}}