{"id":402094,"date":"2024-05-17T16:00:21","date_gmt":"2024-05-17T14:00:21","guid":{"rendered":"https:\/\/www.pcnen.com\/portal\/?p=402094"},"modified":"2024-05-17T16:00:21","modified_gmt":"2024-05-17T14:00:21","slug":"se-usvojio-prvi-medjunarodni-sporazum-o-vjestackoj-inteligenciji","status":"publish","type":"post","link":"https:\/\/www.pcnen.com\/portal\/2024\/05\/17\/se-usvojio-prvi-medjunarodni-sporazum-o-vjestackoj-inteligenciji\/","title":{"rendered":"SE usvojio prvi me\u0111unarodni sporazum o vje\u0161ta\u010dkoj inteligenciji"},"content":{"rendered":"<p>Ministri spoljnih poslova 46 dr\u017eava danas su usvojili sporazum o kori\u0161\u0107enju vje\u0161ta\u010dke inteligencije (AI) na sastanku Komiteta ministara Savjeta Evrope.<\/p>\n<p>&#8220;Ovim novim sporazumom \u017eelimo da osiguramo odgovornu upotrebu vje\u0161ta\u010dke inteligencije koja po\u0161tuje ljudska prava, vladavinu prava i demokratiju&#8221;, napisala je generalna sekretarka Savjeta Evrope Marija Pej\u010dinovi\u0107 u saop\u0161tenju za javnost.<\/p>\n<p>Okvirna konvencija Savjeta Evrope o vje\u0161ta\u010dkoj inteligenciji i ljudskim pravima, demokratiji i vladavini je prvi obvezuju\u0107i me\u0111unarodni ugovor o tehnologiji, a mogu da ga potpi\u0161u i zemlje koje nisu \u010dlanice Savjeta.<\/p>\n<p>Potpisnici su se dogovorili da uvedu odredbe u svojim nacionalnim zakonima koje osiguravaju odgovaraju\u0107u transparentnost, nadzor i odgovornost u kori\u0161\u0107enju AI, navodi se na veb-stranici Savjeta Evrope.<\/p>\n<p>Istaknuto je da su se ministri obavezali da \u0107e osigurati da sistemi AI ne diskrimini\u0161u i ne kr\u0161e privatnost korisnika.<\/p>\n<p>Ova konvencija se razlikuje od budu\u0107eg zakona EU o vje\u0161ta\u010dkoj inteligenciji, iako je Unija u\u010destvovala u izradi nacrta ugovora.<\/p>\n<p>O\u010dekuje se da \u0107e ministri slede\u0107eg utorka odobriti Zakon o AI.<\/p>\n<p>U izradi konvencije u\u010destvovalo je i 11 dr\u017eava koje nisu \u010dlanice Savjeta Evrope, uklju\u010duju\u0107i Argentinu, Australiju, Kanadu, Kostariku, Izrael, Japan, Meksiko, Peru, SAD, Urugvaj i Vatikan.<\/p>\n","protected":false},"excerpt":{"rendered":"<p>Ministri spoljnih poslova 46 dr\u017eava danas su usvojili sporazum o kori\u0161\u0107enju vje\u0161ta\u010dke inteligencije (AI) na sastanku Komiteta ministara Savjeta Evrope.<\/p>\n","protected":false},"author":1,"featured_media":372109,"comment_status":"open","ping_status":"closed","sticky":false,"template":"","format":"standard","meta":{"_seopress_robots_primary_cat":"none","_seopress_titles_title":"","_seopress_titles_desc":"","_seopress_robots_index":"","_et_pb_use_builder":"","_et_pb_old_content":"","_et_gb_content_width":"","inline_featured_image":false,"footnotes":""},"categories":[14],"tags":[],"class_list":["post-402094","post","type-post","status-publish","format-standard","has-post-thumbnail","hentry","category-vijesti"],"_links":{"self":[{"href":"https:\/\/www.pcnen.com\/portal\/wp-json\/wp\/v2\/posts\/402094","targetHints":{"allow":["GET"]}}],"collection":[{"href":"https:\/\/www.pcnen.com\/portal\/wp-json\/wp\/v2\/posts"}],"about":[{"href":"https:\/\/www.pcnen.com\/portal\/wp-json\/wp\/v2\/types\/post"}],"author":[{"embeddable":true,"href":"https:\/\/www.pcnen.com\/portal\/wp-json\/wp\/v2\/users\/1"}],"replies":[{"embeddable":true,"href":"https:\/\/www.pcnen.com\/portal\/wp-json\/wp\/v2\/comments?post=402094"}],"version-history":[{"count":1,"href":"https:\/\/www.pcnen.com\/portal\/wp-json\/wp\/v2\/posts\/402094\/revisions"}],"predecessor-version":[{"id":402097,"href":"https:\/\/www.pcnen.com\/portal\/wp-json\/wp\/v2\/posts\/402094\/revisions\/402097"}],"wp:featuredmedia":[{"embeddable":true,"href":"https:\/\/www.pcnen.com\/portal\/wp-json\/wp\/v2\/media\/372109"}],"wp:attachment":[{"href":"https:\/\/www.pcnen.com\/portal\/wp-json\/wp\/v2\/media?parent=402094"}],"wp:term":[{"taxonomy":"category","embeddable":true,"href":"https:\/\/www.pcnen.com\/portal\/wp-json\/wp\/v2\/categories?post=402094"},{"taxonomy":"post_tag","embeddable":true,"href":"https:\/\/www.pcnen.com\/portal\/wp-json\/wp\/v2\/tags?post=402094"}],"curies":[{"name":"wp","href":"https:\/\/api.w.org\/{rel}","templated":true}]}}