{"id":402081,"date":"2024-05-17T12:04:46","date_gmt":"2024-05-17T10:04:46","guid":{"rendered":"https:\/\/www.pcnen.com\/portal\/?p=402081"},"modified":"2024-05-17T12:04:46","modified_gmt":"2024-05-17T10:04:46","slug":"odrzan-strajk-crnogorskih-advokata","status":"publish","type":"post","link":"https:\/\/www.pcnen.com\/portal\/2024\/05\/17\/odrzan-strajk-crnogorskih-advokata\/","title":{"rendered":"Odr\u017ean \u0161trajk crnogorskih advokata"},"content":{"rendered":"<p>Crnogorski advokati okupili su se danas ispred svih osnovnih sudova zbog napada na kolegu Aleksandra Simonovi\u0107a, koji je pro\u0161le nedjelje povrije\u0111en u Osnovnom sudu u Beranama.<\/p>\n<p>Na protestu u Podgorici predsjednik Advokatske komore Danilo Mi\u0107ovi\u0107 je rekao da je Advokatska komora prinu\u0111ena da ovako reaguje.<\/p>\n<p>\u201cAdvokatura je profesija koja pru\u017ea pojedincima pravnu za\u0161titu. Bez advokature nema pravne dr\u017eave. Napad na advokata, kao pojedinca, napad na advokaturu je, zapravo, napad na dr\u017eavu\u201d, dodao je Mi\u0107ovi\u0107.<\/p>\n<p>Naglasio je da je ovo samo po\u010detak mjera koje \u0107e Advokatska komora preduzeti kako bi preventivno djelovala i kako vi\u0161e ne bi dolazilo do ovakvih incidenata.<\/p>\n<p>\u201cZahtijeva\u0107emo da se u Krivi\u010dni zakonik Crne Gore kao posebno treba uvede posebno krivi\u010dno djelo koje \u0107e sankcionisati upravo napad na advokata\u201d, poru\u010dio je Mi\u0107ovi\u0107.<\/p>\n<p>Iz Advokatske komore Crne Gore ju\u010de su najavili da \u0107e crnogorski advokati u petak, na jedan sat, prekinuti rad.<\/p>\n<p>\u201cIspred svih osnovnih sudova u Crnoj Gori u 10 \u010dasova okupi\u0107e se advokati u znak solidarnosti i protesta zbog nemilog doga\u0111aja u zgradi Osnovnog suda u Beranama, kada je fizi\u010dki napadnut na\u0161 kolega Aleksandar Simonovi\u0107, od strane dvije osobe, kojom prilikom je zadobio te\u0161ku tjelesnu povredu u vidu frakture vili\u010dne kosti\u201d, naveli su.<\/p>\n<blockquote class=\"wp-embedded-content\" data-secret=\"DwNFQVlMDm\"><p><a href=\"https:\/\/www.pcnen.com\/portal\/2024\/05\/13\/uhapsene-dvije-osobe-zbog-napada-na-advokata-simonovica\/\">Uhap\u0161ene dvije osobe zbog napada na advokata Simonovi\u0107a<\/a><\/p><\/blockquote>\n<p><iframe loading=\"lazy\" class=\"wp-embedded-content\" sandbox=\"allow-scripts\" security=\"restricted\" style=\"position: absolute; clip: rect(1px, 1px, 1px, 1px);\" title=\"&#8220;Uhap\u0161ene dvije osobe zbog napada na advokata Simonovi\u0107a&#8221; &#8212; PCNEN\" src=\"https:\/\/www.pcnen.com\/portal\/2024\/05\/13\/uhapsene-dvije-osobe-zbog-napada-na-advokata-simonovica\/embed\/#?secret=QIkNDCD0wb#?secret=DwNFQVlMDm\" data-secret=\"DwNFQVlMDm\" width=\"600\" height=\"338\" frameborder=\"0\" marginwidth=\"0\" marginheight=\"0\" scrolling=\"no\"><\/iframe><\/p>\n","protected":false},"excerpt":{"rendered":"<p>Crnogorski advokati okupili su se danas ispred svih osnovnih sudova zbog napada na kolegu Aleksandra Simonovi\u0107a, koji je pro\u0161le nedjelje povrije\u0111en u Osnovnom sudu u Beranama.<\/p>\n","protected":false},"author":1,"featured_media":276022,"comment_status":"open","ping_status":"closed","sticky":false,"template":"","format":"standard","meta":{"_seopress_robots_primary_cat":"none","_seopress_titles_title":"","_seopress_titles_desc":"","_seopress_robots_index":"","_et_pb_use_builder":"","_et_pb_old_content":"","_et_gb_content_width":"","inline_featured_image":false,"footnotes":""},"categories":[14],"tags":[],"class_list":["post-402081","post","type-post","status-publish","format-standard","has-post-thumbnail","hentry","category-vijesti"],"_links":{"self":[{"href":"https:\/\/www.pcnen.com\/portal\/wp-json\/wp\/v2\/posts\/402081","targetHints":{"allow":["GET"]}}],"collection":[{"href":"https:\/\/www.pcnen.com\/portal\/wp-json\/wp\/v2\/posts"}],"about":[{"href":"https:\/\/www.pcnen.com\/portal\/wp-json\/wp\/v2\/types\/post"}],"author":[{"embeddable":true,"href":"https:\/\/www.pcnen.com\/portal\/wp-json\/wp\/v2\/users\/1"}],"replies":[{"embeddable":true,"href":"https:\/\/www.pcnen.com\/portal\/wp-json\/wp\/v2\/comments?post=402081"}],"version-history":[{"count":1,"href":"https:\/\/www.pcnen.com\/portal\/wp-json\/wp\/v2\/posts\/402081\/revisions"}],"predecessor-version":[{"id":402084,"href":"https:\/\/www.pcnen.com\/portal\/wp-json\/wp\/v2\/posts\/402081\/revisions\/402084"}],"wp:featuredmedia":[{"embeddable":true,"href":"https:\/\/www.pcnen.com\/portal\/wp-json\/wp\/v2\/media\/276022"}],"wp:attachment":[{"href":"https:\/\/www.pcnen.com\/portal\/wp-json\/wp\/v2\/media?parent=402081"}],"wp:term":[{"taxonomy":"category","embeddable":true,"href":"https:\/\/www.pcnen.com\/portal\/wp-json\/wp\/v2\/categories?post=402081"},{"taxonomy":"post_tag","embeddable":true,"href":"https:\/\/www.pcnen.com\/portal\/wp-json\/wp\/v2\/tags?post=402081"}],"curies":[{"name":"wp","href":"https:\/\/api.w.org\/{rel}","templated":true}]}}