{"id":402074,"date":"2024-05-17T11:21:08","date_gmt":"2024-05-17T09:21:08","guid":{"rendered":"https:\/\/www.pcnen.com\/portal\/?p=402074"},"modified":"2024-05-17T11:21:08","modified_gmt":"2024-05-17T09:21:08","slug":"polumaturanti-tokom-bakljade-zapalili-krov-os-vlado-milic-video","status":"publish","type":"post","link":"https:\/\/www.pcnen.com\/portal\/2024\/05\/17\/polumaturanti-tokom-bakljade-zapalili-krov-os-vlado-milic-video\/","title":{"rendered":"Polumaturanti tokom bakljade zapalili krov O\u0160 &#8220;Vlado Mili\u0107&#8221; (video)"},"content":{"rendered":"<p>Polumaturanti podgori\u010dke O\u0160 &#8220;Vlado Mili\u0107&#8221; su zapalili krov te obrazovne ustanove tokom bakljade kojom su obilje\u017eavali kraj \u0161kolovanja u toj osnovnoj \u0161koli, potvrdila je &#8220;Vijestima&#8221; direktorica Ivana Mili\u0107.<\/p>\n<p>Kazala je da nije bilo povrije\u0111enih, a da su na licu mjesta vatrogasci i policija.<\/p>\n<p>&#8220;\u0160teta \u0107e tek biti utvr\u0111ena&#8221;, kratko je prokomentarisala Mili\u0107 za Vijesti.<\/p>\n<p>Ona je novinarima ispred \u0161kole kazala da se ncident desio oko deset sati.<\/p>\n<p>&#8220;U bakljadi su u\u010destvovali svi u\u010denici devetog razreda&#8221;, rekla je Mili\u0107.<\/p>\n<p><script type=\"text\/javascript\" src=\"\/\/services.brid.tv\/player\/build\/brid.min.js\"><\/script><\/p>\n<div id=\"Brid_15936674\" class=\"brid\"><\/div>\n<p><script type=\"text\/javascript\"> $bp(\"Brid_15936674\", {\"id\":\"22923\",\"width\":\"728\",\"height\":\"408\",\"video\":\"1653974\",\"autoplay\":0,\"shared\":true});<\/script><\/p>\n","protected":false},"excerpt":{"rendered":"<p>Polumaturanti podgori\u010dke O\u0160 &#8220;Vlado Mili\u0107&#8221; su zapalili krov te obrazovne ustanove tokom bakljade kojom su obilje\u017eavali kraj \u0161kolovanja u toj osnovnoj \u0161koli, potvrdila je &#8220;Vijestima&#8221; direktorica Ivana Mili\u0107.<\/p>\n","protected":false},"author":1,"featured_media":0,"comment_status":"open","ping_status":"closed","sticky":false,"template":"","format":"standard","meta":{"_seopress_robots_primary_cat":"none","_seopress_titles_title":"","_seopress_titles_desc":"","_seopress_robots_index":"","_et_pb_use_builder":"","_et_pb_old_content":"","_et_gb_content_width":"","inline_featured_image":false,"footnotes":""},"categories":[14],"tags":[],"class_list":["post-402074","post","type-post","status-publish","format-standard","hentry","category-vijesti"],"_links":{"self":[{"href":"https:\/\/www.pcnen.com\/portal\/wp-json\/wp\/v2\/posts\/402074","targetHints":{"allow":["GET"]}}],"collection":[{"href":"https:\/\/www.pcnen.com\/portal\/wp-json\/wp\/v2\/posts"}],"about":[{"href":"https:\/\/www.pcnen.com\/portal\/wp-json\/wp\/v2\/types\/post"}],"author":[{"embeddable":true,"href":"https:\/\/www.pcnen.com\/portal\/wp-json\/wp\/v2\/users\/1"}],"replies":[{"embeddable":true,"href":"https:\/\/www.pcnen.com\/portal\/wp-json\/wp\/v2\/comments?post=402074"}],"version-history":[{"count":3,"href":"https:\/\/www.pcnen.com\/portal\/wp-json\/wp\/v2\/posts\/402074\/revisions"}],"predecessor-version":[{"id":402080,"href":"https:\/\/www.pcnen.com\/portal\/wp-json\/wp\/v2\/posts\/402074\/revisions\/402080"}],"wp:attachment":[{"href":"https:\/\/www.pcnen.com\/portal\/wp-json\/wp\/v2\/media?parent=402074"}],"wp:term":[{"taxonomy":"category","embeddable":true,"href":"https:\/\/www.pcnen.com\/portal\/wp-json\/wp\/v2\/categories?post=402074"},{"taxonomy":"post_tag","embeddable":true,"href":"https:\/\/www.pcnen.com\/portal\/wp-json\/wp\/v2\/tags?post=402074"}],"curies":[{"name":"wp","href":"https:\/\/api.w.org\/{rel}","templated":true}]}}