{"id":402057,"date":"2024-05-17T08:49:45","date_gmt":"2024-05-17T06:49:45","guid":{"rendered":"https:\/\/www.pcnen.com\/portal\/?p=402057"},"modified":"2024-05-17T08:49:45","modified_gmt":"2024-05-17T06:49:45","slug":"blokada-magistrale-cetinje-podgorica","status":"publish","type":"post","link":"https:\/\/www.pcnen.com\/portal\/2024\/05\/17\/blokada-magistrale-cetinje-podgorica\/","title":{"rendered":"Blokada magistrale Cetinje &#8211; Podgorica"},"content":{"rendered":"<p>Radnici nekada\u0161nje cetinjske fabrike obu\u0107e &#8216;Ko\u0161uta&#8217; \u0107e danas ponovo blokirati magistralni put Cetinje-Podgorica na lokaciji Kru\u0161evo \u017edrijelo. Blokada \u0107e trajati od 12 do 14 \u010dasova.<\/p>\n<p>Kako<a href=\"https:\/\/cetinjskilist.com\/u-petak-blokada-puta-radnici-traze-razgovor-sa-ministarkom-nisic\/\" target=\"_blank\" rel=\"noopener\"> javlja<\/a> Radio Cetinje, oni su se obratili ministarki rada i socijalnog staranja Naidi Ni\u0161i\u0107 sa zahtjevom da ih primi kako bi na\u0161li rje\u0161enje za njihov dugogodi\u0161nji problem.<\/p>\n<p>Biv\u0161i radnici \u201cKo\u0161ute\u201d tra\u017ee isplatu devet neispla\u0107enih plata za 693 radnika u iznosu od 2.806.650 eura, kao i povezivanje radnog sta\u017ea za njih 81.<\/p>\n","protected":false},"excerpt":{"rendered":"<p>Radnici nekada\u0161nje cetinjske fabrike obu\u0107e &#8216;Ko\u0161uta&#8217; \u0107e danas ponovo blokirati magistralni put Cetinje-Podgorica na lokaciji Kru\u0161evo \u017edrijelo<\/p>\n","protected":false},"author":1,"featured_media":396515,"comment_status":"open","ping_status":"closed","sticky":false,"template":"","format":"standard","meta":{"_seopress_robots_primary_cat":"none","_seopress_titles_title":"","_seopress_titles_desc":"","_seopress_robots_index":"","_et_pb_use_builder":"","_et_pb_old_content":"","_et_gb_content_width":"","inline_featured_image":false,"footnotes":""},"categories":[14],"tags":[],"class_list":["post-402057","post","type-post","status-publish","format-standard","has-post-thumbnail","hentry","category-vijesti"],"_links":{"self":[{"href":"https:\/\/www.pcnen.com\/portal\/wp-json\/wp\/v2\/posts\/402057","targetHints":{"allow":["GET"]}}],"collection":[{"href":"https:\/\/www.pcnen.com\/portal\/wp-json\/wp\/v2\/posts"}],"about":[{"href":"https:\/\/www.pcnen.com\/portal\/wp-json\/wp\/v2\/types\/post"}],"author":[{"embeddable":true,"href":"https:\/\/www.pcnen.com\/portal\/wp-json\/wp\/v2\/users\/1"}],"replies":[{"embeddable":true,"href":"https:\/\/www.pcnen.com\/portal\/wp-json\/wp\/v2\/comments?post=402057"}],"version-history":[{"count":1,"href":"https:\/\/www.pcnen.com\/portal\/wp-json\/wp\/v2\/posts\/402057\/revisions"}],"predecessor-version":[{"id":402060,"href":"https:\/\/www.pcnen.com\/portal\/wp-json\/wp\/v2\/posts\/402057\/revisions\/402060"}],"wp:featuredmedia":[{"embeddable":true,"href":"https:\/\/www.pcnen.com\/portal\/wp-json\/wp\/v2\/media\/396515"}],"wp:attachment":[{"href":"https:\/\/www.pcnen.com\/portal\/wp-json\/wp\/v2\/media?parent=402057"}],"wp:term":[{"taxonomy":"category","embeddable":true,"href":"https:\/\/www.pcnen.com\/portal\/wp-json\/wp\/v2\/categories?post=402057"},{"taxonomy":"post_tag","embeddable":true,"href":"https:\/\/www.pcnen.com\/portal\/wp-json\/wp\/v2\/tags?post=402057"}],"curies":[{"name":"wp","href":"https:\/\/api.w.org\/{rel}","templated":true}]}}