{"id":402024,"date":"2024-05-16T22:17:32","date_gmt":"2024-05-16T20:17:32","guid":{"rendered":"https:\/\/www.pcnen.com\/portal\/?p=402024"},"modified":"2024-05-16T22:17:32","modified_gmt":"2024-05-16T20:17:32","slug":"hra-vrhovni-sud-ponovo-ugrozio-evropske-integracije-crne-gore","status":"publish","type":"post","link":"https:\/\/www.pcnen.com\/portal\/2024\/05\/16\/hra-vrhovni-sud-ponovo-ugrozio-evropske-integracije-crne-gore\/","title":{"rendered":"HRA: Vrhovni sud ponovo ugrozio evropske integracije Crne Gore"},"content":{"rendered":"<p>Akcija za ljudska prava (HRA) je optu\u017eila Vrhovni sud da je ponovo ugrozio evropske integracije Crne Gore, po\u0161to &#8220;ponovo nije utvrdio predlog za izbor svog predsjednika&#8221; i time\u00a0 &#8220;pokazuje nespremnost najvi\u0161e sudske institucije Crne Gore za evropske integracije&#8221;.<\/p>\n<p>&#8220;Danas je propao i osmi oglas za taj izbor od kraja 2020. godine kada je biv\u0161a dugogodi\u0161nja predsjednica Vesna Medenica dala ostavku&#8221;, podsje\u0107a HRA.<\/p>\n<p>HRA navodi da Vesna Vu\u010dkovi\u0107, koja je od septembra 2021. vr\u0161iteljka du\u017enosti predsjednice Vrhovnog suda, &#8220;nije u\u010dinila dovoljno da obezbijedi uslove za utvr\u0111ivanje predloga kandidata za predsjednika\/cu Vrhovnog suda&#8221;.<\/p>\n<p>&#8220;Vu\u010dkovi\u0107 je propustila da blagovremeno precizira izborna pravila o tome kako se utvr\u0111uje 2\/3 ve\u0107ina i da li kandidat iz Vrhovnog suda mo\u017ee da glasa, i obezbijedi da Vrhovni sud ne ulazi u nova glasanja prije toga. Tako\u0111e, Vu\u010dkovi\u0107 nije blagovremeno obezbijedila izmjenu Poslovnika o radu Op\u0161te sjednice Vrhovnog suda iako joj je to izri\u010dito preporu\u010dio Sudski savjet jo\u0161 19. januara 2023. godine, i iako je sama potvrdila potrebu da se to u\u010dini na Op\u0161toj sjednici Vrhovnog suda 15. marta 2024. godine, o \u010demu svjedo\u010de dokumenta u prilogu. Tako\u0111e se od Vu\u010dkovi\u0107, kao rukovoditeljke kolektivnog organa koji mora da izabere svog predsjednika, o\u010dekivalo da motivi\u0161e kolektiv da se taj zadatak izvede, umjesto da svjedo\u010dimo jo\u0161 jednom neuspjehu i \u010dinjenici da \u010dak \u0161est sudija toga suda ponovo nije ni u\u010destvovalo u glasanju&#8221;, ocjenjuje HRA.<\/p>\n","protected":false},"excerpt":{"rendered":"<p>Akcija za ljudska prava (HRA) je optu\u017eila Vrhovni sud da je ponovo ugrozio evropske integracije Crne Gore, po\u0161to &#8220;ponovo nije utvrdio predlog za izbor svog predsjednika&#8221; i time\u00a0 &#8220;pokazuje nespremnost najvi\u0161e sudske institucije Crne Gore za evropske integracije&#8221;.<\/p>\n","protected":false},"author":1,"featured_media":340132,"comment_status":"open","ping_status":"closed","sticky":false,"template":"","format":"standard","meta":{"_seopress_robots_primary_cat":"none","_seopress_titles_title":"","_seopress_titles_desc":"","_seopress_robots_index":"","_et_pb_use_builder":"","_et_pb_old_content":"","_et_gb_content_width":"","inline_featured_image":false,"footnotes":""},"categories":[14],"tags":[],"class_list":["post-402024","post","type-post","status-publish","format-standard","has-post-thumbnail","hentry","category-vijesti"],"_links":{"self":[{"href":"https:\/\/www.pcnen.com\/portal\/wp-json\/wp\/v2\/posts\/402024","targetHints":{"allow":["GET"]}}],"collection":[{"href":"https:\/\/www.pcnen.com\/portal\/wp-json\/wp\/v2\/posts"}],"about":[{"href":"https:\/\/www.pcnen.com\/portal\/wp-json\/wp\/v2\/types\/post"}],"author":[{"embeddable":true,"href":"https:\/\/www.pcnen.com\/portal\/wp-json\/wp\/v2\/users\/1"}],"replies":[{"embeddable":true,"href":"https:\/\/www.pcnen.com\/portal\/wp-json\/wp\/v2\/comments?post=402024"}],"version-history":[{"count":1,"href":"https:\/\/www.pcnen.com\/portal\/wp-json\/wp\/v2\/posts\/402024\/revisions"}],"predecessor-version":[{"id":402027,"href":"https:\/\/www.pcnen.com\/portal\/wp-json\/wp\/v2\/posts\/402024\/revisions\/402027"}],"wp:featuredmedia":[{"embeddable":true,"href":"https:\/\/www.pcnen.com\/portal\/wp-json\/wp\/v2\/media\/340132"}],"wp:attachment":[{"href":"https:\/\/www.pcnen.com\/portal\/wp-json\/wp\/v2\/media?parent=402024"}],"wp:term":[{"taxonomy":"category","embeddable":true,"href":"https:\/\/www.pcnen.com\/portal\/wp-json\/wp\/v2\/categories?post=402024"},{"taxonomy":"post_tag","embeddable":true,"href":"https:\/\/www.pcnen.com\/portal\/wp-json\/wp\/v2\/tags?post=402024"}],"curies":[{"name":"wp","href":"https:\/\/api.w.org\/{rel}","templated":true}]}}