{"id":402013,"date":"2024-05-16T20:33:48","date_gmt":"2024-05-16T18:33:48","guid":{"rendered":"https:\/\/www.pcnen.com\/portal\/?p=402013"},"modified":"2024-05-16T21:56:41","modified_gmt":"2024-05-16T19:56:41","slug":"slovacka-nakon-atentata-upucene-prijetnje-clanovima-vlade","status":"publish","type":"post","link":"https:\/\/www.pcnen.com\/portal\/2024\/05\/16\/slovacka-nakon-atentata-upucene-prijetnje-clanovima-vlade\/","title":{"rendered":"Slova\u010dka: Nakon atentata upu\u0107ene prijetnje \u010dlanovima Vlade"},"content":{"rendered":"<p>Slova\u010dka policija zabilje\u017eila je porast prijetnji na dru\u0161tvenim mre\u017eama \u010dlanovima Vlade i visokim zvani\u010dnicima zemlje nakon atentata na premijera Roberta Fica, saop\u0161tio je danas na\u010delnik policije Lubomir \u0160olak na konferenciji za novinare.<\/p>\n<p>Prema njegovim rije\u010dima, na dru\u0161tvenim mre\u017eama pojavili su se komentari korisnika koji odobravaju atentat na slova\u010dkog premijera.<\/p>\n<p>&#8220;Poku\u0161avamo da identifikujemo ljude koji iznose stavove koji podr\u017eavaju ovaj \u010din&#8221;, rekao je on, dodaju\u0107i da ima na desetine slu\u010dajeva, a policija registruje i prijetnje \u010dlanovima Vlade i drugim politi\u010dkim liderima.<\/p>\n<p>Zamjenik na\u010delnika MUP-a Slova\u010dke Rastislav Poljakovi\u010d je naglasio da je poja\u010dano pra\u0107enje grupa ljudi i mjesta koji mogu predstavljati prijetnju, prenosi slova\u010dki portal Aktuality.<\/p>\n<p>Slova\u010dki ministar unutra\u0161njih poslova Matus \u0160utai-E\u0161tok rekao je danas da su pripadnici policije poja\u010dali za\u0161titu dr\u017eavnih slu\u017ebenika, politi\u010dara i predstavnika medija nakon poku\u0161aja atentata na premijera zemlje.\u00a0 Tako\u0111e je ocijenio da je zemlja &#8220;skoro na ivici gra\u0111anskog rata\u201c, prenosi Tanjug.<\/p>\n<p>Prema njegovim rije\u010dima, uklju\u010dene su slova\u010dke slu\u017ebe bezbjednosti i regionalne policijske uprave.<\/p>\n<p>Policajci nadgledaju bezbjednost svih poslanika prakti\u010dno \u0161irom Slova\u010dke. Tako\u0111e je poja\u010dan monitoring u blizini televizijskih stanica i dnevnih novina, prenose lokalni mediji.<\/p>\n<p>U Bratislavi je policija danas popodne privela mu\u0161karca koji je osumnji\u010den za prijetnje poslaniku stranke Smer-SD Ri\u010dardu Gluku.<\/p>\n<p>Poku\u0161aj atentata na Roberta Fica dogodio se u srijedu nakon sjednice vlade. Premijer je iza\u0161ao u javnost koja ga je pozdravila, nakon \u010dega se za\u010dulo nekoliko pucnjeva. Ispostavilo se da je strijelac bio 71-godi\u0161nji mu\u0161karac po imenu Juraj K. iz grada Levice, koji je nakon toga priveden.<\/p>\n<blockquote class=\"wp-embedded-content\" data-secret=\"LGt9v8cvCX\"><p><a href=\"https:\/\/www.pcnen.com\/portal\/2024\/05\/15\/atentat-na-slovackog-premijera-video\/\">Atentat na slova\u010dkog premijera (video)<\/a><\/p><\/blockquote>\n<p><iframe loading=\"lazy\" class=\"wp-embedded-content\" sandbox=\"allow-scripts\" security=\"restricted\" style=\"position: absolute; clip: rect(1px, 1px, 1px, 1px);\" title=\"&#8220;Atentat na slova\u010dkog premijera (video)&#8221; &#8212; PCNEN\" src=\"https:\/\/www.pcnen.com\/portal\/2024\/05\/15\/atentat-na-slovackog-premijera-video\/embed\/#?secret=fRRKtCsYQz#?secret=LGt9v8cvCX\" data-secret=\"LGt9v8cvCX\" width=\"600\" height=\"338\" frameborder=\"0\" marginwidth=\"0\" marginheight=\"0\" scrolling=\"no\"><\/iframe><\/p>\n","protected":false},"excerpt":{"rendered":"<p>Slova\u010dka policija zabilje\u017eila je porast prijetnji na dru\u0161tvenim mre\u017eama \u010dlanovima Vlade i visokim zvani\u010dnicima zemlje nakon atentata na premijera Roberta Fica, saop\u0161tio je danas na\u010delnik policije Lubomir \u0160olak na konferenciji za novinare<\/p>\n","protected":false},"author":1,"featured_media":381105,"comment_status":"open","ping_status":"closed","sticky":false,"template":"","format":"standard","meta":{"_seopress_robots_primary_cat":"none","_seopress_titles_title":"","_seopress_titles_desc":"","_seopress_robots_index":"","_et_pb_use_builder":"","_et_pb_old_content":"","_et_gb_content_width":"","inline_featured_image":false,"footnotes":""},"categories":[14],"tags":[],"class_list":["post-402013","post","type-post","status-publish","format-standard","has-post-thumbnail","hentry","category-vijesti"],"_links":{"self":[{"href":"https:\/\/www.pcnen.com\/portal\/wp-json\/wp\/v2\/posts\/402013","targetHints":{"allow":["GET"]}}],"collection":[{"href":"https:\/\/www.pcnen.com\/portal\/wp-json\/wp\/v2\/posts"}],"about":[{"href":"https:\/\/www.pcnen.com\/portal\/wp-json\/wp\/v2\/types\/post"}],"author":[{"embeddable":true,"href":"https:\/\/www.pcnen.com\/portal\/wp-json\/wp\/v2\/users\/1"}],"replies":[{"embeddable":true,"href":"https:\/\/www.pcnen.com\/portal\/wp-json\/wp\/v2\/comments?post=402013"}],"version-history":[{"count":3,"href":"https:\/\/www.pcnen.com\/portal\/wp-json\/wp\/v2\/posts\/402013\/revisions"}],"predecessor-version":[{"id":402019,"href":"https:\/\/www.pcnen.com\/portal\/wp-json\/wp\/v2\/posts\/402013\/revisions\/402019"}],"wp:featuredmedia":[{"embeddable":true,"href":"https:\/\/www.pcnen.com\/portal\/wp-json\/wp\/v2\/media\/381105"}],"wp:attachment":[{"href":"https:\/\/www.pcnen.com\/portal\/wp-json\/wp\/v2\/media?parent=402013"}],"wp:term":[{"taxonomy":"category","embeddable":true,"href":"https:\/\/www.pcnen.com\/portal\/wp-json\/wp\/v2\/categories?post=402013"},{"taxonomy":"post_tag","embeddable":true,"href":"https:\/\/www.pcnen.com\/portal\/wp-json\/wp\/v2\/tags?post=402013"}],"curies":[{"name":"wp","href":"https:\/\/api.w.org\/{rel}","templated":true}]}}