{"id":402002,"date":"2024-05-16T19:24:55","date_gmt":"2024-05-16T17:24:55","guid":{"rendered":"https:\/\/www.pcnen.com\/portal\/?p=402002"},"modified":"2024-05-16T20:31:06","modified_gmt":"2024-05-16T18:31:06","slug":"tuca-navijaca-prekinula-mec-sutjeska-buducnost","status":"publish","type":"post","link":"https:\/\/www.pcnen.com\/portal\/2024\/05\/16\/tuca-navijaca-prekinula-mec-sutjeska-buducnost\/","title":{"rendered":"Tu\u010da navija\u010da prekinula me\u010d Sutjeska \u2013 Budu\u0107nost"},"content":{"rendered":"<p>Utakmica polufinala plej-ofa \u0161ampionata Crne Gore izme\u0111u Sutjeske i Budu\u0107nosti u Nik\u0161i\u0107u prekinuta je u drugoj \u010detvrtini, zbog sukoba navija\u010da.<\/p>\n<p>Navija\u010di Podgori\u010dana u\u0161li su na slu\u017ebeni ulaz dvorane i sukobili su se sa doma\u0107im fanovima, prenosi RTV Nik\u0161i\u0107.<\/p>\n<p>Navija\u010di Sutjeske \u201evojvode\u201c potom su \u201evarvare\u201c ga\u0111ale stolicama.<\/p>\n<p>Me\u010d ne\u0107e biti nastavljen.<\/p>\n<p>Kod prekida, Budu\u0107nost je vodila 36:26.<\/p>\n","protected":false},"excerpt":{"rendered":"<p>Utakmica polufinala plej-ofa \u0161ampionata Crne Gore izme\u0111u Sutjeske i Budu\u0107nosti u Nik\u0161i\u0107u prekinuta je u drugoj \u010detvrtini, zbog sukoba navija\u010da.<\/p>\n","protected":false},"author":1,"featured_media":377893,"comment_status":"open","ping_status":"closed","sticky":false,"template":"","format":"standard","meta":{"_seopress_robots_primary_cat":"none","_seopress_titles_title":"","_seopress_titles_desc":"","_seopress_robots_index":"","_et_pb_use_builder":"","_et_pb_old_content":"","_et_gb_content_width":"","inline_featured_image":false,"footnotes":""},"categories":[14],"tags":[],"class_list":["post-402002","post","type-post","status-publish","format-standard","has-post-thumbnail","hentry","category-vijesti"],"_links":{"self":[{"href":"https:\/\/www.pcnen.com\/portal\/wp-json\/wp\/v2\/posts\/402002","targetHints":{"allow":["GET"]}}],"collection":[{"href":"https:\/\/www.pcnen.com\/portal\/wp-json\/wp\/v2\/posts"}],"about":[{"href":"https:\/\/www.pcnen.com\/portal\/wp-json\/wp\/v2\/types\/post"}],"author":[{"embeddable":true,"href":"https:\/\/www.pcnen.com\/portal\/wp-json\/wp\/v2\/users\/1"}],"replies":[{"embeddable":true,"href":"https:\/\/www.pcnen.com\/portal\/wp-json\/wp\/v2\/comments?post=402002"}],"version-history":[{"count":4,"href":"https:\/\/www.pcnen.com\/portal\/wp-json\/wp\/v2\/posts\/402002\/revisions"}],"predecessor-version":[{"id":402012,"href":"https:\/\/www.pcnen.com\/portal\/wp-json\/wp\/v2\/posts\/402002\/revisions\/402012"}],"wp:featuredmedia":[{"embeddable":true,"href":"https:\/\/www.pcnen.com\/portal\/wp-json\/wp\/v2\/media\/377893"}],"wp:attachment":[{"href":"https:\/\/www.pcnen.com\/portal\/wp-json\/wp\/v2\/media?parent=402002"}],"wp:term":[{"taxonomy":"category","embeddable":true,"href":"https:\/\/www.pcnen.com\/portal\/wp-json\/wp\/v2\/categories?post=402002"},{"taxonomy":"post_tag","embeddable":true,"href":"https:\/\/www.pcnen.com\/portal\/wp-json\/wp\/v2\/tags?post=402002"}],"curies":[{"name":"wp","href":"https:\/\/api.w.org\/{rel}","templated":true}]}}