{"id":401975,"date":"2024-05-16T12:34:36","date_gmt":"2024-05-16T10:34:36","guid":{"rendered":"https:\/\/www.pcnen.com\/portal\/?p=401975"},"modified":"2024-05-16T12:49:36","modified_gmt":"2024-05-16T10:49:36","slug":"armenko-izabrana-za-predsjednicu-ustavnog-suda","status":"publish","type":"post","link":"https:\/\/www.pcnen.com\/portal\/2024\/05\/16\/armenko-izabrana-za-predsjednicu-ustavnog-suda\/","title":{"rendered":"Armenko izabrana za predsjednicu Ustavnog suda"},"content":{"rendered":"<p>Sudija Sne\u017eana Armaneko je izabrana danas ve\u0107inom glasova za predsjednicu Ustavnog suda.<\/p>\n<p>Armenko je dobila \u010detiri glasa, dva Bojana \u0110uranovi\u0107 a jedan Faruk Resulbegovi\u0107.<\/p>\n<p>Mandat Armenko po\u010de\u0107e od 28. maja, s obzirom da aktuelni predsjednik Milorad Gogi\u0107 uslov za starosnu penziju sti\u010de 27. maja, kada puni 66 godina.<\/p>\n<p>Gogi\u0107 je na funkciji predsjednika Ustavnog suda od 14. januara ove godine, kada je na toj poziciji naslijedio sudiju Budimira \u0160\u0107epanovi\u0107a.<\/p>\n<p>Prema Ustavu Crne Gore, predsjednik Ustavnog suda bira se na tri godine i ponovo ne mo\u017ee biti izabran na tu poziciju.<\/p>\n<p>Mandat sudijama Ustavnog suda traje 12 godina.<\/p>\n<blockquote><p><em>Ona je za sutkinju Ustavnog suda izabrana u februaru 2023. godine. Za sutkinju Osnovnog suda u Podgorici birana je 28. aprila 2010. godine, a na toj funkciji je bila do jula 2020, kada je izabrana za zamjenicu Za\u0161titnika ljudskih prava i sloboda.<\/em><\/p><\/blockquote>\n","protected":false},"excerpt":{"rendered":"<p>Sudija Sne\u017eana Armaneko je izabrana danas ve\u0107inom glasova za predsjednicu Ustavnog suda.<\/p>\n","protected":false},"author":1,"featured_media":401978,"comment_status":"open","ping_status":"closed","sticky":false,"template":"","format":"standard","meta":{"_seopress_robots_primary_cat":"none","_seopress_titles_title":"","_seopress_titles_desc":"","_seopress_robots_index":"","_et_pb_use_builder":"","_et_pb_old_content":"","_et_gb_content_width":"","inline_featured_image":false,"footnotes":""},"categories":[14],"tags":[],"class_list":["post-401975","post","type-post","status-publish","format-standard","has-post-thumbnail","hentry","category-vijesti"],"_links":{"self":[{"href":"https:\/\/www.pcnen.com\/portal\/wp-json\/wp\/v2\/posts\/401975","targetHints":{"allow":["GET"]}}],"collection":[{"href":"https:\/\/www.pcnen.com\/portal\/wp-json\/wp\/v2\/posts"}],"about":[{"href":"https:\/\/www.pcnen.com\/portal\/wp-json\/wp\/v2\/types\/post"}],"author":[{"embeddable":true,"href":"https:\/\/www.pcnen.com\/portal\/wp-json\/wp\/v2\/users\/1"}],"replies":[{"embeddable":true,"href":"https:\/\/www.pcnen.com\/portal\/wp-json\/wp\/v2\/comments?post=401975"}],"version-history":[{"count":3,"href":"https:\/\/www.pcnen.com\/portal\/wp-json\/wp\/v2\/posts\/401975\/revisions"}],"predecessor-version":[{"id":401981,"href":"https:\/\/www.pcnen.com\/portal\/wp-json\/wp\/v2\/posts\/401975\/revisions\/401981"}],"wp:featuredmedia":[{"embeddable":true,"href":"https:\/\/www.pcnen.com\/portal\/wp-json\/wp\/v2\/media\/401978"}],"wp:attachment":[{"href":"https:\/\/www.pcnen.com\/portal\/wp-json\/wp\/v2\/media?parent=401975"}],"wp:term":[{"taxonomy":"category","embeddable":true,"href":"https:\/\/www.pcnen.com\/portal\/wp-json\/wp\/v2\/categories?post=401975"},{"taxonomy":"post_tag","embeddable":true,"href":"https:\/\/www.pcnen.com\/portal\/wp-json\/wp\/v2\/tags?post=401975"}],"curies":[{"name":"wp","href":"https:\/\/api.w.org\/{rel}","templated":true}]}}