{"id":401876,"date":"2024-05-15T16:13:48","date_gmt":"2024-05-15T14:13:48","guid":{"rendered":"https:\/\/www.pcnen.com\/portal\/?p=401876"},"modified":"2024-05-15T16:34:41","modified_gmt":"2024-05-15T14:34:41","slug":"atentat-na-slovackog-premijera-video","status":"publish","type":"post","link":"https:\/\/www.pcnen.com\/portal\/2024\/05\/15\/atentat-na-slovackog-premijera-video\/","title":{"rendered":"Atentat na slova\u010dkog premijera (video)"},"content":{"rendered":"<p>Slova\u010dki premijer Robert Fico upucan je ispred jedne zgrade u centru slova\u010dkog gradi\u0107a Handlova, gdje se odr\u017eavao sastanak vlade, prenosi BBC.<\/p>\n<p>To se dogodilo kada je premijer oti\u0161ao me\u0111u okupljene ljude.<\/p>\n<p>Zvani\u010dnik Ficove stranke potvrdio je za Gardijan da je premijer pogo\u0111en u stomak i da je sada na operaciji.<\/p>\n<p>Fico je prevezen u bolnicu u Banskoj Bistrici, jer bi do Bratislave trebalo predugo, navodi se u objavi na njegovom Fejsbuk nalogu.<\/p>\n<p>Prema informacijama medija njegovo stanje je ozbiljno ali stabilno.<\/p>\n<p>Napada\u010d je uhap\u0161en.<\/p>\n<p>Kako javlja TV Joj, na Roberta Ficu pucao je 71-godi\u0161njak iz Levica.<\/p>\n<blockquote class=\"twitter-tweet\">\n<p dir=\"ltr\" lang=\"fr\">Selon les informations des m\u00e9dias slovaques, le premier ministre Robert Fico aurait \u00e9t\u00e9 touch\u00e9 par balles \u00e0 plusieurs reprises. Un \u00e0 l'abdomen, un \u00e0 la t\u00eate. Il est dans un \u00e9tat grave.<\/p>\n<p>Il est oppos\u00e9 \u00e0 l\u2019agenda de Bruxelles et \u00e0 la guerre en Ukraine. Il a \u00e9t\u00e9 accus\u00e9 en 2022\u2026 <a href=\"https:\/\/t.co\/lllVFetQKX\">pic.twitter.com\/lllVFetQKX<\/a><\/p>\n<p>\u2014 Alexis Poulin (@Poulin2012) <a href=\"https:\/\/twitter.com\/Poulin2012\/status\/1790745899884265691?ref_src=twsrc%5Etfw\">May 15, 2024<\/a><\/p><\/blockquote>\n<p><script async src=\"https:\/\/platform.twitter.com\/widgets.js\" charset=\"utf-8\"><\/script><\/p>\n","protected":false},"excerpt":{"rendered":"<p>Slova\u010dki premijer Robert Fico upucan je ispred jedne zgrade u centru slova\u010dkog gradi\u0107a Handlova, gdje se odr\u017eavao sastanak vlade, prenosi BBC.<\/p>\n","protected":false},"author":1,"featured_media":0,"comment_status":"open","ping_status":"closed","sticky":false,"template":"","format":"standard","meta":{"_seopress_robots_primary_cat":"none","_seopress_titles_title":"","_seopress_titles_desc":"","_seopress_robots_index":"","_et_pb_use_builder":"","_et_pb_old_content":"","_et_gb_content_width":"","inline_featured_image":false,"footnotes":""},"categories":[14],"tags":[],"class_list":["post-401876","post","type-post","status-publish","format-standard","hentry","category-vijesti"],"_links":{"self":[{"href":"https:\/\/www.pcnen.com\/portal\/wp-json\/wp\/v2\/posts\/401876","targetHints":{"allow":["GET"]}}],"collection":[{"href":"https:\/\/www.pcnen.com\/portal\/wp-json\/wp\/v2\/posts"}],"about":[{"href":"https:\/\/www.pcnen.com\/portal\/wp-json\/wp\/v2\/types\/post"}],"author":[{"embeddable":true,"href":"https:\/\/www.pcnen.com\/portal\/wp-json\/wp\/v2\/users\/1"}],"replies":[{"embeddable":true,"href":"https:\/\/www.pcnen.com\/portal\/wp-json\/wp\/v2\/comments?post=401876"}],"version-history":[{"count":4,"href":"https:\/\/www.pcnen.com\/portal\/wp-json\/wp\/v2\/posts\/401876\/revisions"}],"predecessor-version":[{"id":401883,"href":"https:\/\/www.pcnen.com\/portal\/wp-json\/wp\/v2\/posts\/401876\/revisions\/401883"}],"wp:attachment":[{"href":"https:\/\/www.pcnen.com\/portal\/wp-json\/wp\/v2\/media?parent=401876"}],"wp:term":[{"taxonomy":"category","embeddable":true,"href":"https:\/\/www.pcnen.com\/portal\/wp-json\/wp\/v2\/categories?post=401876"},{"taxonomy":"post_tag","embeddable":true,"href":"https:\/\/www.pcnen.com\/portal\/wp-json\/wp\/v2\/tags?post=401876"}],"curies":[{"name":"wp","href":"https:\/\/api.w.org\/{rel}","templated":true}]}}