{"id":401868,"date":"2024-05-15T14:21:48","date_gmt":"2024-05-15T12:21:48","guid":{"rendered":"https:\/\/www.pcnen.com\/portal\/?p=401868"},"modified":"2024-05-15T14:21:48","modified_gmt":"2024-05-15T12:21:48","slug":"hrvatska-protestna-nota-crnoj-gori-zbog-najave-rezolucije-o-jasenovcu","status":"publish","type":"post","link":"https:\/\/www.pcnen.com\/portal\/2024\/05\/15\/hrvatska-protestna-nota-crnoj-gori-zbog-najave-rezolucije-o-jasenovcu\/","title":{"rendered":"Hrvatska protestna nota Crnoj Gori zbog najave rezolucije o Jasenovcu"},"content":{"rendered":"<p>Hrvatska je danas uru\u010dila protestnu notu Crnoj Gori povodom predloga predsjednika Skup\u0161tine Andrije Mandi\u0107a da \u0107e politi\u010dki predstavnici srpskog naroda predlo\u017eiti rezoluciju o Jasenovcu, kao svojevrsnu reakciju na rezoluciji o Srebrenici upu\u0107enoj\u00a0 Generalnoj skup\u0161tini UN.<\/p>\n<p>U noti se izra\u017eava zabrinutost \u010dinjenicom da se spomen na \u017ertve Jasenovca politizuje i zloupotrebljava za unutra\u0161nja politi\u010dka nadmetanja u Crnoj Gori, te stavlja u kontekst rasprava o Rezoluciji Generalne skup\u0161tine UN o komemoraciji genocida u Srebrenici, s kojom nije ni u kakvoj politi\u010dko-istorijskoj vezi, i to na na\u010din koji ne doprinosi iskrenom izra\u017eavanju pijeteta prema \u017ertvama, osudi zlo\u010dina i razvijanju kulture sje\u0107anja, prenosi zagreba\u010dki Ve\u010dernji list.<\/p>\n<p>&nbsp;<\/p>\n","protected":false},"excerpt":{"rendered":"<p>Hrvatska je danas uru\u010dila protestnu notu Crnoj Gori povodom predloga predsjednika Skup\u0161tine Andrije Mandi\u0107a da \u0107e politi\u010dki predstavnici srpskog naroda predlo\u017eiti rezoluciju o Jasenovcu, kao svojevrsnu reakciju na rezoluciji o Srebrenici upu\u0107enoj\u00a0 Generalnoj skup\u0161tini UN<\/p>\n","protected":false},"author":1,"featured_media":341911,"comment_status":"open","ping_status":"closed","sticky":false,"template":"","format":"standard","meta":{"_seopress_robots_primary_cat":"none","_seopress_titles_title":"","_seopress_titles_desc":"","_seopress_robots_index":"","_et_pb_use_builder":"","_et_pb_old_content":"","_et_gb_content_width":"","inline_featured_image":false,"footnotes":""},"categories":[14],"tags":[],"class_list":["post-401868","post","type-post","status-publish","format-standard","has-post-thumbnail","hentry","category-vijesti"],"_links":{"self":[{"href":"https:\/\/www.pcnen.com\/portal\/wp-json\/wp\/v2\/posts\/401868","targetHints":{"allow":["GET"]}}],"collection":[{"href":"https:\/\/www.pcnen.com\/portal\/wp-json\/wp\/v2\/posts"}],"about":[{"href":"https:\/\/www.pcnen.com\/portal\/wp-json\/wp\/v2\/types\/post"}],"author":[{"embeddable":true,"href":"https:\/\/www.pcnen.com\/portal\/wp-json\/wp\/v2\/users\/1"}],"replies":[{"embeddable":true,"href":"https:\/\/www.pcnen.com\/portal\/wp-json\/wp\/v2\/comments?post=401868"}],"version-history":[{"count":1,"href":"https:\/\/www.pcnen.com\/portal\/wp-json\/wp\/v2\/posts\/401868\/revisions"}],"predecessor-version":[{"id":401871,"href":"https:\/\/www.pcnen.com\/portal\/wp-json\/wp\/v2\/posts\/401868\/revisions\/401871"}],"wp:featuredmedia":[{"embeddable":true,"href":"https:\/\/www.pcnen.com\/portal\/wp-json\/wp\/v2\/media\/341911"}],"wp:attachment":[{"href":"https:\/\/www.pcnen.com\/portal\/wp-json\/wp\/v2\/media?parent=401868"}],"wp:term":[{"taxonomy":"category","embeddable":true,"href":"https:\/\/www.pcnen.com\/portal\/wp-json\/wp\/v2\/categories?post=401868"},{"taxonomy":"post_tag","embeddable":true,"href":"https:\/\/www.pcnen.com\/portal\/wp-json\/wp\/v2\/tags?post=401868"}],"curies":[{"name":"wp","href":"https:\/\/api.w.org\/{rel}","templated":true}]}}