{"id":401729,"date":"2024-05-13T20:50:14","date_gmt":"2024-05-13T18:50:14","guid":{"rendered":"https:\/\/www.pcnen.com\/portal\/?p=401729"},"modified":"2024-05-13T20:50:14","modified_gmt":"2024-05-13T18:50:14","slug":"advokat-simonovic-napale-su-me-dvije-osobe-polomljena-mi-je-vilica","status":"publish","type":"post","link":"https:\/\/www.pcnen.com\/portal\/2024\/05\/13\/advokat-simonovic-napale-su-me-dvije-osobe-polomljena-mi-je-vilica\/","title":{"rendered":"Advokat Simonovi\u0107 : Napale su me dvije osobe, polomljena mi je vilica"},"content":{"rendered":"<p>Advokat Aleksandar Simonovi\u0107 iz Berana kazao je da su ga, nakon zavr\u0161enog ro\u010di\u0161ta, u tamo\u0161njem Osnovnom sudu danas napale dvije osobe, a da mu je nakon pregleda u bolnici konstatovan prelom donje vilice.<\/p>\n<p>Simonovi\u0107 je kazao da je stabilnog zdravstvenog stanja i da se trenutno nalazi na ku\u0107nom lije\u010denju.<\/p>\n<p>&#8220;Radilo se o obi\u010dnoj parnici gdje se \u010dovjek najmanje nada da do\u0111e do ovakve situacije. Poslije zavr\u0161enog ro\u010dista o alimentaciji napali su me otac i sin Denis i Eldan Adrovi\u0107 iz Petnjice&#8221;, kazao je Simonovi\u0107 za RTCG.<\/p>\n<p>Kako je rekao, sve se desilo potpuno neo\u010dekivano.<\/p>\n<p>&#8220;Kolege su mi rekle da sam u jednom trenutku bio bez svijesti. Nisam ni znao ko me je udario. Sve se dogodilo nakon rasprave u hodniku&#8221;, rekao je advokat.<\/p>\n<p>O\u010dekuje da tu\u017eila\u0161tvo odradi svoj posao i da kazni po\u010dinioce.<\/p>\n<p>Iz Osnovnog tu\u017eila\u0161tva je Portalu RTCG saop\u0161teno da je predmet u radu i da napada\u010di jo\u0161 uvijek nisu procesuirani.<\/p>\n<p>&#8220;\u010ceka se da se kvalifikuje krivi\u010dno djelo i da se tu\u017eila\u0161tvo odredi prema ovom krivi\u010dnom djelu&#8221;, naveli su iz tu\u017eila\u0161tva u Beranama.<\/p>\n<blockquote class=\"wp-embedded-content\" data-secret=\"UresabPTpk\"><p><a href=\"https:\/\/www.pcnen.com\/portal\/2024\/05\/13\/uhapsene-dvije-osobe-zbog-napada-na-advokata-simonovica\/\">Uhap\u0161ene dvije osobe zbog napada na advokata Simonovi\u0107a<\/a><\/p><\/blockquote>\n<p><iframe loading=\"lazy\" class=\"wp-embedded-content\" sandbox=\"allow-scripts\" security=\"restricted\" style=\"position: absolute; clip: rect(1px, 1px, 1px, 1px);\" title=\"&#8220;Uhap\u0161ene dvije osobe zbog napada na advokata Simonovi\u0107a&#8221; &#8212; PCNEN\" src=\"https:\/\/www.pcnen.com\/portal\/2024\/05\/13\/uhapsene-dvije-osobe-zbog-napada-na-advokata-simonovica\/embed\/#?secret=83s7KyXHVg#?secret=UresabPTpk\" data-secret=\"UresabPTpk\" width=\"600\" height=\"338\" frameborder=\"0\" marginwidth=\"0\" marginheight=\"0\" scrolling=\"no\"><\/iframe><\/p>\n","protected":false},"excerpt":{"rendered":"<p>Advokat Aleksandar Simonovi\u0107 iz Berana kazao je da su ga, nakon zavr\u0161enog ro\u010di\u0161ta, u tamo\u0161njem Osnovnom sudu danas napale dvije osobe, a da mu je nakon pregleda u bolnici konstatovan prelom donje vilice. Simonovi\u0107 je kazao da je stabilnog zdravstvenog stanja i da se trenutno nalazi na ku\u0107nom lije\u010denju. &#8220;Radilo se o obi\u010dnoj parnici gdje [&hellip;]<\/p>\n","protected":false},"author":1,"featured_media":276022,"comment_status":"open","ping_status":"closed","sticky":false,"template":"","format":"standard","meta":{"_seopress_robots_primary_cat":"none","_seopress_titles_title":"","_seopress_titles_desc":"","_seopress_robots_index":"","_et_pb_use_builder":"","_et_pb_old_content":"","_et_gb_content_width":"","inline_featured_image":false,"footnotes":""},"categories":[14],"tags":[],"class_list":["post-401729","post","type-post","status-publish","format-standard","has-post-thumbnail","hentry","category-vijesti"],"_links":{"self":[{"href":"https:\/\/www.pcnen.com\/portal\/wp-json\/wp\/v2\/posts\/401729","targetHints":{"allow":["GET"]}}],"collection":[{"href":"https:\/\/www.pcnen.com\/portal\/wp-json\/wp\/v2\/posts"}],"about":[{"href":"https:\/\/www.pcnen.com\/portal\/wp-json\/wp\/v2\/types\/post"}],"author":[{"embeddable":true,"href":"https:\/\/www.pcnen.com\/portal\/wp-json\/wp\/v2\/users\/1"}],"replies":[{"embeddable":true,"href":"https:\/\/www.pcnen.com\/portal\/wp-json\/wp\/v2\/comments?post=401729"}],"version-history":[{"count":1,"href":"https:\/\/www.pcnen.com\/portal\/wp-json\/wp\/v2\/posts\/401729\/revisions"}],"predecessor-version":[{"id":401732,"href":"https:\/\/www.pcnen.com\/portal\/wp-json\/wp\/v2\/posts\/401729\/revisions\/401732"}],"wp:featuredmedia":[{"embeddable":true,"href":"https:\/\/www.pcnen.com\/portal\/wp-json\/wp\/v2\/media\/276022"}],"wp:attachment":[{"href":"https:\/\/www.pcnen.com\/portal\/wp-json\/wp\/v2\/media?parent=401729"}],"wp:term":[{"taxonomy":"category","embeddable":true,"href":"https:\/\/www.pcnen.com\/portal\/wp-json\/wp\/v2\/categories?post=401729"},{"taxonomy":"post_tag","embeddable":true,"href":"https:\/\/www.pcnen.com\/portal\/wp-json\/wp\/v2\/tags?post=401729"}],"curies":[{"name":"wp","href":"https:\/\/api.w.org\/{rel}","templated":true}]}}