{"id":401717,"date":"2024-05-13T20:31:22","date_gmt":"2024-05-13T18:31:22","guid":{"rendered":"https:\/\/www.pcnen.com\/portal\/?p=401717"},"modified":"2024-05-13T20:31:22","modified_gmt":"2024-05-13T18:31:22","slug":"uhapsene-dvije-osobe-zbog-napada-na-advokata-simonovica","status":"publish","type":"post","link":"https:\/\/www.pcnen.com\/portal\/2024\/05\/13\/uhapsene-dvije-osobe-zbog-napada-na-advokata-simonovica\/","title":{"rendered":"Uhap\u0161ene dvije osobe zbog napada na advokata Simonovi\u0107a"},"content":{"rendered":"<p>Beranska policija je po nalogu Osnovnog dr\u017eavnog tu\u017eila\u0161tva uhapsila dvije osobe D.A. (47) i E.A. (18) koji su napali advokata Aleksandara Simonovi\u0107a. ODT njihov napad u beranskoj sudnici kvalifikovao kao krivi\u010dno djelo nasilni\u010dko pona\u0161anje u sticaju sa krivi\u010dnim djelom te\u0161ke tjelesne povrede.<\/p>\n<p>Kako navode u saop\u0161tenju, beranskoj policiji je danas prijavljeno da je u zgradi Osnovnog suda u Beranama do\u0161lo do fizi\u010dkog sukoba izme\u0111u nekoliko lica. Izlaskom na lice mjesta utvr\u0111eno je da je fizi\u010dki napadnut advokat A.S. koji je ovom prilikom zadobio te\u0161ke tjelesne povrede u vidu frakture vilice.<\/p>\n<p>&#8220;Od njega su prikupljena obavje\u0161tenja na zapisnik kojom je prilikom naveo da su ga nakon su\u0111enja, na kojem je bio anga\u017eovan, fizi\u010dki napali D.A. (47) i E.A. (18). Tako\u0111e, prikupljena su obavje\u0161tenja od njih, kao i od svjedoka. Sa doga\u0111ajem je upoznat tu\u017eilac u Osnovnom dr\u017eavnom tu\u017eila\u0161tvu u Beranama koji je kvalifikovao krivi\u010dno djelo \u2013 nasilni\u010dko pona\u0161anje u sticaju sa krivi\u010dnim djelom te\u0161ke tjelesne povrede, te su po njegovom nalogu D.A. i E.A. li\u0161eni slobode&#8221;, navode u Upravi policije.<\/p>\n<blockquote class=\"wp-embedded-content\" data-secret=\"EF2QLcX0OK\"><p><a href=\"https:\/\/www.pcnen.com\/portal\/2024\/05\/13\/u-osnovnom-sudu-u-beranama-advokat-tesko-povrijedjen\/\">U Osnovnom sudu u Beranama advokat te\u0161ko povrije\u0111en \u00a0<\/a><\/p><\/blockquote>\n<p><iframe loading=\"lazy\" class=\"wp-embedded-content\" sandbox=\"allow-scripts\" security=\"restricted\" style=\"position: absolute; clip: rect(1px, 1px, 1px, 1px);\" title=\"&#8220;U Osnovnom sudu u Beranama advokat te\u0161ko povrije\u0111en \u00a0&#8221; &#8212; PCNEN\" src=\"https:\/\/www.pcnen.com\/portal\/2024\/05\/13\/u-osnovnom-sudu-u-beranama-advokat-tesko-povrijedjen\/embed\/#?secret=Q9pPcqzlwv#?secret=EF2QLcX0OK\" data-secret=\"EF2QLcX0OK\" width=\"600\" height=\"338\" frameborder=\"0\" marginwidth=\"0\" marginheight=\"0\" scrolling=\"no\"><\/iframe><\/p>\n","protected":false},"excerpt":{"rendered":"<p>Beranska policija je po nalogu Osnovnog dr\u017eavnog tu\u017eila\u0161tva uhapsila dvije osobe D.A. (47) i E.A. (18) koji su napali advokata Aleksandara Simonovi\u0107a. <\/p>\n","protected":false},"author":1,"featured_media":0,"comment_status":"open","ping_status":"closed","sticky":false,"template":"","format":"standard","meta":{"_seopress_robots_primary_cat":"none","_seopress_titles_title":"","_seopress_titles_desc":"","_seopress_robots_index":"","_et_pb_use_builder":"","_et_pb_old_content":"","_et_gb_content_width":"","inline_featured_image":false,"footnotes":""},"categories":[14],"tags":[],"class_list":["post-401717","post","type-post","status-publish","format-standard","hentry","category-vijesti"],"_links":{"self":[{"href":"https:\/\/www.pcnen.com\/portal\/wp-json\/wp\/v2\/posts\/401717","targetHints":{"allow":["GET"]}}],"collection":[{"href":"https:\/\/www.pcnen.com\/portal\/wp-json\/wp\/v2\/posts"}],"about":[{"href":"https:\/\/www.pcnen.com\/portal\/wp-json\/wp\/v2\/types\/post"}],"author":[{"embeddable":true,"href":"https:\/\/www.pcnen.com\/portal\/wp-json\/wp\/v2\/users\/1"}],"replies":[{"embeddable":true,"href":"https:\/\/www.pcnen.com\/portal\/wp-json\/wp\/v2\/comments?post=401717"}],"version-history":[{"count":1,"href":"https:\/\/www.pcnen.com\/portal\/wp-json\/wp\/v2\/posts\/401717\/revisions"}],"predecessor-version":[{"id":401720,"href":"https:\/\/www.pcnen.com\/portal\/wp-json\/wp\/v2\/posts\/401717\/revisions\/401720"}],"wp:attachment":[{"href":"https:\/\/www.pcnen.com\/portal\/wp-json\/wp\/v2\/media?parent=401717"}],"wp:term":[{"taxonomy":"category","embeddable":true,"href":"https:\/\/www.pcnen.com\/portal\/wp-json\/wp\/v2\/categories?post=401717"},{"taxonomy":"post_tag","embeddable":true,"href":"https:\/\/www.pcnen.com\/portal\/wp-json\/wp\/v2\/tags?post=401717"}],"curies":[{"name":"wp","href":"https:\/\/api.w.org\/{rel}","templated":true}]}}