{"id":400563,"date":"2024-04-30T09:53:10","date_gmt":"2024-04-30T07:53:10","guid":{"rendered":"https:\/\/www.pcnen.com\/portal\/?p=400563"},"modified":"2024-04-30T09:54:13","modified_gmt":"2024-04-30T07:54:13","slug":"hra-apelovala-na-vladu-da-pristupi-vansudskom-poravnanju-sa-porodicama-zrtava-nato-bombardovanja-u-murinu","status":"publish","type":"post","link":"https:\/\/www.pcnen.com\/portal\/2024\/04\/30\/hra-apelovala-na-vladu-da-pristupi-vansudskom-poravnanju-sa-porodicama-zrtava-nato-bombardovanja-u-murinu\/","title":{"rendered":"HRA apelovala na Vladu da pristupi vansudskom poravnanju sa porodicama \u017ertava NATO bombardovanja u Murinu"},"content":{"rendered":"<p>Akcija za ljudska prava (HRA) je apelovala na Vladu Crne Gore da pristupi vansudskom poravnanju sa porodicama \u017ertava NATO bombardovanja mosta u varo\u0161ici Murino i da im obezbijedi status civilnih \u017ertva rata.<\/p>\n<p>Danas se navr\u0161ava 25 godina od NATO bombardovanja mosta u varo\u0161ici Murino na sjeveru Crne Gore. Tom prilikom je \u017eivote izgubilo \u0161estoro civila, me\u0111u kojima troje djece. Poginuli su Miroslav Kne\u017eevi\u0107 (14), Olivera Maksimovi\u0107 (13), Julija Brudar (11), Vuki\u0107 Vuleti\u0107 (46), Milka Ko\u010danovi\u0107 (69) i Manojlo Komatina (72). \u010cetiri osobe su te\u017ee povrije\u0111ene.<\/p>\n<p><img decoding=\"async\" class=\"aligncenter\" src=\"https:\/\/balkaninsight.com\/wp-content\/uploads\/2014\/11\/murino-002.jpg\" alt=\"Porodice \u017ertava NATO bombardovanja i dalje tra\u017ee pravdu | Balkan Insight\" \/><\/p>\n<p>O\u0161te\u0107ene porodice su tu\u017eile dr\u017eavu za naknadu \u0161tete jer ih niko nije upozorio na opasnost od\u00a0bombardovanja, iako je NATO unaprijed obavje\u0161tavao nadle\u017ene o svim ciljevima koje \u0107e ga\u0111ati.<\/p>\n<p>HRA podsje\u0107a na to da je na sjednici Drugog redovnog zasjedanja Skup\u0161tine Crne Gore 29. decembra pro\u0161le godine zadu\u017eena Vlada, konkretno Ministarstvo rada i socijalnog staranja pod upravom ministarke Naide Ni\u0161i\u0107, da najkasnije do 1. marta 2024. izradi Predlog zakona o izmjenama i dopunama Zakona o bora\u010dkoj i invalidskoj za\u0161titi kojim bi bio rije\u0161en status i obe\u0161te\u0107enje porodica dr\u017eavljana Crne Gore koji su poginuli tokom bombardovanja 1999. godine i status ranjenih tom prilikom, kao i status porodica \u017ertava ratova nakon 1990. godine koje su dr\u017eavljani Crne Gore. Me\u0111utim, Ministarsvo ve\u0107 dva mjeseca kasni sa finalizacijom ovog rje\u0161enja, pa je HRA od premijera Milojka Spaji\u0107a ju\u010de zahtjevala da u skladu sa svojim nadle\u017enostima ubrza okon\u010danje ovog procesa i informi\u0161e javnost kada se predlo\u017eene izmjene mogu o\u010dekivati.<\/p>\n<p><a href=\"https:\/\/www.pcnen.com\/portal\/?s=Murin\" target=\"_blank\" rel=\"noopener\">VEZANE VIJESTI<\/a><\/p>\n","protected":false},"excerpt":{"rendered":"<p>Danas se navr\u0161ava 25 godina od NATO bombardovanja mosta u varo\u0161ici Murino na sjeveru Crne Gore. Tom prilikom je \u017eivote izgubilo \u0161estoro civila, me\u0111u kojima troje djece<\/p>\n","protected":false},"author":1,"featured_media":400566,"comment_status":"open","ping_status":"closed","sticky":false,"template":"","format":"standard","meta":{"_seopress_robots_primary_cat":"none","_seopress_titles_title":"","_seopress_titles_desc":"","_seopress_robots_index":"","_et_pb_use_builder":"","_et_pb_old_content":"","_et_gb_content_width":"","inline_featured_image":false,"footnotes":""},"categories":[14],"tags":[],"class_list":["post-400563","post","type-post","status-publish","format-standard","has-post-thumbnail","hentry","category-vijesti"],"_links":{"self":[{"href":"https:\/\/www.pcnen.com\/portal\/wp-json\/wp\/v2\/posts\/400563","targetHints":{"allow":["GET"]}}],"collection":[{"href":"https:\/\/www.pcnen.com\/portal\/wp-json\/wp\/v2\/posts"}],"about":[{"href":"https:\/\/www.pcnen.com\/portal\/wp-json\/wp\/v2\/types\/post"}],"author":[{"embeddable":true,"href":"https:\/\/www.pcnen.com\/portal\/wp-json\/wp\/v2\/users\/1"}],"replies":[{"embeddable":true,"href":"https:\/\/www.pcnen.com\/portal\/wp-json\/wp\/v2\/comments?post=400563"}],"version-history":[{"count":2,"href":"https:\/\/www.pcnen.com\/portal\/wp-json\/wp\/v2\/posts\/400563\/revisions"}],"predecessor-version":[{"id":400568,"href":"https:\/\/www.pcnen.com\/portal\/wp-json\/wp\/v2\/posts\/400563\/revisions\/400568"}],"wp:featuredmedia":[{"embeddable":true,"href":"https:\/\/www.pcnen.com\/portal\/wp-json\/wp\/v2\/media\/400566"}],"wp:attachment":[{"href":"https:\/\/www.pcnen.com\/portal\/wp-json\/wp\/v2\/media?parent=400563"}],"wp:term":[{"taxonomy":"category","embeddable":true,"href":"https:\/\/www.pcnen.com\/portal\/wp-json\/wp\/v2\/categories?post=400563"},{"taxonomy":"post_tag","embeddable":true,"href":"https:\/\/www.pcnen.com\/portal\/wp-json\/wp\/v2\/tags?post=400563"}],"curies":[{"name":"wp","href":"https:\/\/api.w.org\/{rel}","templated":true}]}}