{"id":399233,"date":"2024-04-16T11:01:45","date_gmt":"2024-04-16T09:01:45","guid":{"rendered":"https:\/\/www.pcnen.com\/portal\/?p=399233"},"modified":"2024-04-16T11:01:45","modified_gmt":"2024-04-16T09:01:45","slug":"predsjednik-irana-uzvraticemo-na-najmanju-izraelsku-akciju","status":"publish","type":"post","link":"https:\/\/www.pcnen.com\/portal\/2024\/04\/16\/predsjednik-irana-uzvraticemo-na-najmanju-izraelsku-akciju\/","title":{"rendered":"Predsjednik Irana: Uzvrati\u0107emo na &#8216;najmanju&#8217; izraelsku akciju"},"content":{"rendered":"<p>Iranski predsjednik Ebrahim Raisi je upozorio da \u0107e &#8220;najmanja akcija&#8221; Izraela protiv &#8220;interesa Irana&#8221; izazvati &#8220;o\u0161tar odgovor&#8221; njegove zemlje, pi\u0161e u predsejdni\u010dkom saop\u0161tenju objavljenom danas, prenosi Beta.<\/p>\n<p>Izrael je obe\u0107ao da \u0107e &#8220;odgovoriti&#8221; na veliki napad Irana izvr\u0161en stotinama dronova i raketa na teritoriju Izraela u no\u0107i od subote na nedjelju.<\/p>\n<p>&#8220;Sada \u010dvrsto izjavljujemo da \u0107e najmanja akcija protiv interesa Irana svakako dovesti do o\u0161trog, produ\u017eenog i bolnog odgovora protiv svih po\u010dinilaca&#8221;, rekao je Raisi u telefonskom razgovoru sa emirom Katara Tamimo ben Hamadom Al Tanijem, kasno sino\u0107.<\/p>\n<p>Iranski predsjednik je rekao da je pro\u0161log vikenda njegova zemlja ga\u0111ala odre\u0111ene ciljeve &#8220;koriste\u0107i svoje pravo na samoodbranu&#8221;, navode\u0107i tu &#8220;centre&#8221; odakle je organizovan udar, pripisan Izraelu na iranski Konzulat u Damasku u Siriji, izvr\u0161en 1. aprila.<\/p>\n<p>Ta operacija je &#8220;sprovedena uspje\u0161no sa ciljem da se kazni agresor&#8221;, rekao je Raisi.<\/p>\n<p>On je ponovo osudio, kako je naveo, &#8220;slijepu podr\u0161ku nekih zapadnih zemalja cionisti\u010dkom re\u017eimu&#8221; koji je, po njemu, &#8220;uzrok tenzija u regionu&#8221;.<\/p>\n<p>Zamjenik ministra spoljnih poslova Irana Ali Bageri upozorio je sino\u0107 izraelske vlasti da u slu\u010daju njihovog odgovora na iranski napad tokom vikenda treba da o\u010dekuju iranski udar koji \u0107e biti mnogo ja\u010di i br\u017ei.<\/p>\n<p>&#8220;Ne\u0107e imati odga\u0111anja od 12 dana&#8221;, rekao je on u osvrtu na to koliko je trebalo Iranu da reaguje napadom na Izrael poslije udara na njegov konzulat u Damasku.<\/p>\n<p>&#8220;Zapravo, odgovor koji \u0107e dobiti se ne\u0107e mjeriti danima ili satima ve\u0107 sekundama&#8221;, dodao je.<\/p>\n<p>&#8220;Izrael ne treba da ponovi strate\u0161ku gre\u0161ku drugom gre\u0161kom, dodao je Bageri.<\/p>\n<p>Na\u010delnik general\u0161taba izraelske vojske Herzi Halevi je rekao novinarima da \u0107e na iranske napade tokom vikenda izrael imati odgovor, ali nije rekao kakav niti kada, dok saveznici Izraela pozivaju na uzdr\u017eanost.<\/p>\n<p><a href=\"https:\/\/www.pcnen.com\/portal\/?s=iran%2C+izrael\" target=\"_blank\" rel=\"noopener\">VEZANE VIJESTI<\/a><\/p>\n","protected":false},"excerpt":{"rendered":"<p>Iranski predsjednik Ebrahim Raisi je upozorio da \u0107e &#8220;najmanja akcija&#8221; Izraela protiv &#8220;interesa Irana&#8221; izazvati &#8220;o\u0161tar odgovor&#8221; njegove zemlje, pi\u0161e u predsejdni\u010dkom saop\u0161tenju objavljenom danas<\/p>\n","protected":false},"author":1,"featured_media":322084,"comment_status":"open","ping_status":"closed","sticky":false,"template":"","format":"standard","meta":{"_seopress_robots_primary_cat":"none","_seopress_titles_title":"","_seopress_titles_desc":"","_seopress_robots_index":"","_et_pb_use_builder":"","_et_pb_old_content":"","_et_gb_content_width":"","inline_featured_image":false,"footnotes":""},"categories":[14],"tags":[],"class_list":["post-399233","post","type-post","status-publish","format-standard","has-post-thumbnail","hentry","category-vijesti"],"_links":{"self":[{"href":"https:\/\/www.pcnen.com\/portal\/wp-json\/wp\/v2\/posts\/399233","targetHints":{"allow":["GET"]}}],"collection":[{"href":"https:\/\/www.pcnen.com\/portal\/wp-json\/wp\/v2\/posts"}],"about":[{"href":"https:\/\/www.pcnen.com\/portal\/wp-json\/wp\/v2\/types\/post"}],"author":[{"embeddable":true,"href":"https:\/\/www.pcnen.com\/portal\/wp-json\/wp\/v2\/users\/1"}],"replies":[{"embeddable":true,"href":"https:\/\/www.pcnen.com\/portal\/wp-json\/wp\/v2\/comments?post=399233"}],"version-history":[{"count":1,"href":"https:\/\/www.pcnen.com\/portal\/wp-json\/wp\/v2\/posts\/399233\/revisions"}],"predecessor-version":[{"id":399236,"href":"https:\/\/www.pcnen.com\/portal\/wp-json\/wp\/v2\/posts\/399233\/revisions\/399236"}],"wp:featuredmedia":[{"embeddable":true,"href":"https:\/\/www.pcnen.com\/portal\/wp-json\/wp\/v2\/media\/322084"}],"wp:attachment":[{"href":"https:\/\/www.pcnen.com\/portal\/wp-json\/wp\/v2\/media?parent=399233"}],"wp:term":[{"taxonomy":"category","embeddable":true,"href":"https:\/\/www.pcnen.com\/portal\/wp-json\/wp\/v2\/categories?post=399233"},{"taxonomy":"post_tag","embeddable":true,"href":"https:\/\/www.pcnen.com\/portal\/wp-json\/wp\/v2\/tags?post=399233"}],"curies":[{"name":"wp","href":"https:\/\/api.w.org\/{rel}","templated":true}]}}