{"id":39890,"date":"2010-11-24T16:12:13","date_gmt":"2010-11-24T16:12:13","guid":{"rendered":"http:\/\/www.pcnen.com\/portal\/?p=39890"},"modified":"2010-11-24T16:12:13","modified_gmt":"2010-11-24T16:12:13","slug":"dusko-saric-bi-da-iznese-odbranu-ali-ne-zna-o-cemu","status":"publish","type":"post","link":"https:\/\/www.pcnen.com\/portal\/2010\/11\/24\/dusko-saric-bi-da-iznese-odbranu-ali-ne-zna-o-cemu\/","title":{"rendered":"Du\u0161ko \u0160ari\u0107 bi da iznese odbranu, ali ne zna o \u010demu"},"content":{"rendered":"<p>Branilac Du&scaron;ka &Scaron;ari\u0107a, advokat Mom\u010dilo Mini\u0107 izjavio je danas Tanjugu da njegov branjenik \u017eeli da iznese odbranu, ali da ne zna od \u010dega da se brani jer u naredbi za sprovodjenje istrage nisu precizirane radnje koje mu se stavljaju na teret, niti su za to navedeni dokazi.&nbsp;&nbsp; <\/p>\n<p>&quot;Du&scaron;ko &Scaron;ari\u0107 je uhap&scaron;en pro&scaron;log utorka bez ijednog jedinog dokaza i jo&scaron; uvijek je u pritvoru. On je uhap&scaron;en po krivi\u010dnoj prijavi podru\u010dne policije u Pljevljima za djelo koje je izvr&scaron;eno na teritoriji Italije, a iz te dr\u017eave jo&scaron; uvijek nije stigao nikakav dokaz koji bi ga teretio&quot;, naglasio je advokat Mini\u0107. <\/p>\n<p>Prema re\u010dima branioca Du&scaron;ka &Scaron;ari\u0107a, crnogorskom tu\u017eila&scaron;tvu krucijalni dokaz predstavlja izvje&scaron;taj saobra\u0107ajne policije Ponremeli od 19. januara 2009. godine u kome se Du&scaron;ko &Scaron;ari\u0107 i ne pominje. <\/p>\n<p>&quot;Taj izvje&scaron;taj saobra\u0107ajne policije ne mo\u017ee \u010dak ni da, shodno zakonu, bude dokaz na kome se mo\u017ee zasnovati bilo kakva sudska odluka&quot;, upozorio je advokat. <\/p>\n<p>Kako je ovo prvi predmet u kome crnogoske vlasti primjenjuju tu\u017eila\u010dku istragu i jo&scaron; se ne snalaze najbolje, Mini\u0107 je ocijenio da &quot;ako se po jutru dan poznaje, u Crnoj Gori \u0107e zavladati pravni mrak, jer se prvo hapsi pa se onda \u010dekaju dokazi&quot;.<\/p>\n<p>Istra\u017eni sudija Specijalnog odeljenja Vi&scaron;eg suda u Bijelom Polju odredio je pro&scaron;le sedmice Du&scaron;ku &Scaron;ari\u0107u pritvor do 30 dana zbog opasnosti od bjekstva. <\/p>\n<p>Specijalni tu\u017eilac Crne Gore pokrenuo je protiv njega istragu zbog sumnje da je bio \u010dlan organzovane kriminalne grupe od 53 \u010dlana sa prostora biv&scaron;e Jugoslavije i Italije, koja se sumnji\u010di za rasturanje kokaina na teritoriji Italije. <\/p>\n<p>U Crnoj Gori se od 1. avgusta primjenjuje model tu\u017eila\u010dke istrage, u kome istragu vodi tu\u017eilac, a istra\u017eni sudija samo odlu\u010duje o pritvoru i stara se o po&scaron;tovanju prava okrivljenog. <\/p>\n","protected":false},"excerpt":{"rendered":"<p>Du&scaron;ko &Scaron;ari\u0107 (33) iz Pljevala, mladji brat odbjeglog narkobosa Darka &Scaron;ari\u0107a (40), vi&scaron;e od nedjelju dana od hap&scaron;enja ne mo\u017ee da iznese svoju odbranu jer tu\u017eila&scaron;tvo Crne Gore nije konkretizovalo radnje za koje ga tereti. <\/p>\n","protected":false},"author":1,"featured_media":0,"comment_status":"open","ping_status":"closed","sticky":false,"template":"","format":"standard","meta":{"_seopress_robots_primary_cat":"","_seopress_titles_title":"","_seopress_titles_desc":"","_seopress_robots_index":"","_et_pb_use_builder":"","_et_pb_old_content":"","_et_gb_content_width":"","inline_featured_image":false,"footnotes":""},"categories":[14],"tags":[],"class_list":["post-39890","post","type-post","status-publish","format-standard","hentry","category-vijesti"],"_links":{"self":[{"href":"https:\/\/www.pcnen.com\/portal\/wp-json\/wp\/v2\/posts\/39890","targetHints":{"allow":["GET"]}}],"collection":[{"href":"https:\/\/www.pcnen.com\/portal\/wp-json\/wp\/v2\/posts"}],"about":[{"href":"https:\/\/www.pcnen.com\/portal\/wp-json\/wp\/v2\/types\/post"}],"author":[{"embeddable":true,"href":"https:\/\/www.pcnen.com\/portal\/wp-json\/wp\/v2\/users\/1"}],"replies":[{"embeddable":true,"href":"https:\/\/www.pcnen.com\/portal\/wp-json\/wp\/v2\/comments?post=39890"}],"version-history":[{"count":0,"href":"https:\/\/www.pcnen.com\/portal\/wp-json\/wp\/v2\/posts\/39890\/revisions"}],"wp:attachment":[{"href":"https:\/\/www.pcnen.com\/portal\/wp-json\/wp\/v2\/media?parent=39890"}],"wp:term":[{"taxonomy":"category","embeddable":true,"href":"https:\/\/www.pcnen.com\/portal\/wp-json\/wp\/v2\/categories?post=39890"},{"taxonomy":"post_tag","embeddable":true,"href":"https:\/\/www.pcnen.com\/portal\/wp-json\/wp\/v2\/tags?post=39890"}],"curies":[{"name":"wp","href":"https:\/\/api.w.org\/{rel}","templated":true}]}}